{"id":24344,"date":"2020-06-13T21:49:41","date_gmt":"2020-06-13T21:49:41","guid":{"rendered":"http:\/\/centralmedia.rs\/?p=24344"},"modified":"2020-06-18T22:25:51","modified_gmt":"2020-06-18T22:25:51","slug":"lider-dveri-u-jagodini-u-kampanji-bojkota-izbora-izlaznost-ispod-50-odsto-je-uspeh-bojkota-i-nelegitimnost-vlasti","status":"publish","type":"post","link":"https:\/\/centralmedia.rs\/index.php\/2020\/06\/13\/lider-dveri-u-jagodini-u-kampanji-bojkota-izbora-izlaznost-ispod-50-odsto-je-uspeh-bojkota-i-nelegitimnost-vlasti\/","title":{"rendered":"LIDER DVERI U JAGODINI U KAMPANJI BOJKOTA IZBORA &#8211; ,,IZLAZNOST ISPOD 50 ODSTO JE USPEH BOJKOTA I NELEGITIMNOST VLASTI&#8221;"},"content":{"rendered":"<p>JAGODINA- Lider Dveri Bo\u0161ko Obradovi\u0107 danas je u okviru kamanje ,,Bojkota izbora&#8221; u Jagodini izjavio da izlaznost na izborima ispod 50 odsto zna\u010di uspeh i nelegitimnost vlasti koja bude formirana.<\/p>\n<p>-Sve \u0161to je ispod 50 odsto govori o tome da su gra\u0111ani opredeljeni za bojkot i da ne veruju ovoj vlasti i ovakvim izborima. To je tragedija, jer posle 30 godina obnove vi\u0161estrana\u010dja u Srbiji mi se iznova vra\u0107amo na po\u010detke, tra\u017eimo slodne medije i izbore. To zna\u010di da kao dru\u0161tvo nismo napredovali,ve\u0107 samo nazadovali. Imamo gomilu problema, mlade u inostranstvu, kriminal i korupciju u vrhu vlasti, afere u fiokama tu\u017eila\u0161tva i sudova, nabrajao je Obradovi\u0107 razloge za bojkot izbora.<\/p>\n<p><img loading=\"lazy\" decoding=\"async\" class=\"alignnone wp-image-24346 size-large\" src=\"http:\/\/centralmedia.rs\/wp-content\/uploads\/2020\/06\/dveri3-1024x498.jpg\" alt=\"\" width=\"640\" height=\"311\" srcset=\"https:\/\/centralmedia.rs\/wp-content\/uploads\/2020\/06\/dveri3-1024x498.jpg 1024w, https:\/\/centralmedia.rs\/wp-content\/uploads\/2020\/06\/dveri3-300x146.jpg 300w, https:\/\/centralmedia.rs\/wp-content\/uploads\/2020\/06\/dveri3-768x373.jpg 768w, https:\/\/centralmedia.rs\/wp-content\/uploads\/2020\/06\/dveri3-864x420.jpg 864w, https:\/\/centralmedia.rs\/wp-content\/uploads\/2020\/06\/dveri3-640x311.jpg 640w, https:\/\/centralmedia.rs\/wp-content\/uploads\/2020\/06\/dveri3-681x331.jpg 681w, https:\/\/centralmedia.rs\/wp-content\/uploads\/2020\/06\/dveri3.jpg 1800w\" sizes=\"(max-width: 640px) 100vw, 640px\" \/><\/p>\n<p>-Svakog dana bele\u017ei se pove\u0107an broj novozara\u017eenih u Srbiji, nova \u017eari\u0161ta. Duboko sam uveren da \u0107e bira\u010dka mesta biti legla zaraze u nedelju 21. juna. Imamo 8.500 bira\u010dkih mesta u Srbiji, na stotine u\u010desnika, sve to govori da postoji mogu\u0107nost \u0161irenja zaraze na izborima. Predla\u017eemo da se izbori odlo\u017ee i izaberemo drugi termin do kraja godine, da se dogovorimo da izbori budu slobodi i po\u0161teni. Izbori su nedemokratski i protivustavni. Stekli su se razlozi da Ustavni sud Srbije poni\u0161ti ove izbore, a\u00a0 to je izmena izbornih zakona usred izbornog procesa. Izbori su zapo\u010deti po jednim pravilima a nastavljeni po drugim posle vanrednog stanja. Ne\u0107emo priznati rezultate izbore, kao ni budu\u0107u skup\u0161tinu ni vladu, tra\u017eimo vanredne izbore na svim nivoima. Uveren sam da \u0107emo ubrzo imati prave i demokratske izbore, istakao je Obradovi\u0107.<\/p>\n<p>&#8211; Kolika god izlaznost i koliki god rezultati bili na izborima mi ih ne\u0107emo priznati i tra\u017ei\u0107emo odmah nove vanredne izbore na svim nivoima. Ne priznajemo izbore, re\u017eim \u0107e koristiti sve metode da la\u017eno predstavi izlaznost. Mi vidimo da su ljudi nezadovoljni i da se opredeljuju za bojkot, stariji se pla\u0161e da iza\u0111u na izbore zbog zdravstvenog rizika. Vlast je u ozbiljnom problemu. Bojkot je uostalom jedino \u0161to ih je uznemirilo u poslednje vreme, zato su smanjili cenzus jer bi u parlamentu bili samo SNS i SPS \u0161to bi ogolilo besmisao demokratije u Srbiji. Ovako poku\u0161avaju da uvedu nekog od la\u017enih opozicionara u parlament, nagla\u0161ava Obradovi\u0107.<\/p>\n<p>Predsednik jagodinskog odbora Dveri Stefan Vuk Milanovi\u0107 govorio je o ,,la\u017enoj opoziciji&#8221; u Jagodini i rekao da je u\u010destvovanje na ovim izborima farsa, jer su politi\u010dki akteri na lokalu ve\u0107 podelili funkcije u budu\u0107oj vlasti. On je to ilustrovao doga\u0111anjima iz 2016. godine i ustvrdio da opoziciono orjentisani Jagodinci ne \u017eele da budu deo tog dogovora, odnosno da ne \u017eele da ih zastupa umivena ili ,,la\u017ena&#8221; opozicija.<\/p>\n","protected":false},"excerpt":{"rendered":"<p>JAGODINA- Lider Dveri Bo\u0161ko Obradovi\u0107 danas je u okviru kamanje ,,Bojkota izbora&#8221; u Jagodini izjavio da izlaznost na izborima ispod 50 odsto zna\u010di uspeh i &hellip; <\/p>\n","protected":false},"author":2,"featured_media":24345,"comment_status":"open","ping_status":"open","sticky":false,"template":"","format":"standard","meta":{"footnotes":""},"categories":[1524,2,1514,13,12],"tags":[4710,515,514,58],"_links":{"self":[{"href":"https:\/\/centralmedia.rs\/index.php\/wp-json\/wp\/v2\/posts\/24344"}],"collection":[{"href":"https:\/\/centralmedia.rs\/index.php\/wp-json\/wp\/v2\/posts"}],"about":[{"href":"https:\/\/centralmedia.rs\/index.php\/wp-json\/wp\/v2\/types\/post"}],"author":[{"embeddable":true,"href":"https:\/\/centralmedia.rs\/index.php\/wp-json\/wp\/v2\/users\/2"}],"replies":[{"embeddable":true,"href":"https:\/\/centralmedia.rs\/index.php\/wp-json\/wp\/v2\/comments?post=24344"}],"version-history":[{"count":1,"href":"https:\/\/centralmedia.rs\/index.php\/wp-json\/wp\/v2\/posts\/24344\/revisions"}],"predecessor-version":[{"id":24347,"href":"https:\/\/centralmedia.rs\/index.php\/wp-json\/wp\/v2\/posts\/24344\/revisions\/24347"}],"wp:featuredmedia":[{"embeddable":true,"href":"https:\/\/centralmedia.rs\/index.php\/wp-json\/wp\/v2\/media\/24345"}],"wp:attachment":[{"href":"https:\/\/centralmedia.rs\/index.php\/wp-json\/wp\/v2\/media?parent=24344"}],"wp:term":[{"taxonomy":"category","embeddable":true,"href":"https:\/\/centralmedia.rs\/index.php\/wp-json\/wp\/v2\/categories?post=24344"},{"taxonomy":"post_tag","embeddable":true,"href":"https:\/\/centralmedia.rs\/index.php\/wp-json\/wp\/v2\/tags?post=24344"}],"curies":[{"name":"wp","href":"https:\/\/api.w.org\/{rel}","templated":true}]}}