{"id":24352,"date":"2020-06-14T13:22:50","date_gmt":"2020-06-14T13:22:50","guid":{"rendered":"http:\/\/centralmedia.rs\/?p=24352"},"modified":"2020-06-18T22:26:04","modified_gmt":"2020-06-18T22:26:04","slug":"koalicija-sps-jedinstvena-srbija-odrzala-je-predizborni-skup-u-jagodini","status":"publish","type":"post","link":"https:\/\/centralmedia.rs\/index.php\/2020\/06\/14\/koalicija-sps-jedinstvena-srbija-odrzala-je-predizborni-skup-u-jagodini\/","title":{"rendered":"Koalicija SPS \u2013 Jedinstvena Srbija odr\u017eala je predizborni skup u Jagodini"},"content":{"rendered":"<p>JAGODINA &#8211; Na konvenciji su govorili predsednici stranaka Ivica Da\u010di\u0107 i Dragan Markovi\u0107 Palma.<\/p>\n<p>,,Ovde u Jagodini, citira\u0107u Jovan\u010du Mici\u0107a:\u201cCeo svet obi\u0111oh, ali kao Jagodinu nigde ne na\u0111oh\u201d. Ja to mogu malo i da izmenim i da svaki put kada se vratim u Srbiju ka\u017eem \u201cCeo svet obi\u0111oh, ali kao Srbiju nigde ne na\u0111oh\u201d. Mi smo du\u017eni da u\u010dinimo sve za na\u0161u majku Srbiju i zato Srbija mo\u017ee da ra\u010duna na nas, na Palmu i mene da \u0107emo do kraja \u0161tititi dr\u017eavne i nacionalne interese\u201d, izjavio je predsednik SPS &#8211; a Ivica Da\u010di\u0107. \u201cDo 2012. godine preko 70 dr\u017eava je priznalo jednostrano progla\u0161enu nezavisnost Kosova, a od 2012. godine vi\u0161e je zemalja povuklo priznanje Kosova nego \u0161to je priznalo i to smo radili svi zajedno sa predsednikom Vu\u010di\u0107em i Vladom Srbije i to \u0107e ostati upisano u istoriji da je 18 zemalja povuklo priznanje Kosova i da Kosovo vi\u0161e nema ve\u0107inu u Ujedinjenim nacijama. Oni ka\u017eu iz Pri\u0161tine \u201cili priznanje ili ni\u0161ta\u201d. Ja mogu odmah da im ka\u017eem, ako je tako onda je na\u0161 odgovor \u201cNi\u0161ta\u201d. Sa Vu\u010di\u0107em, sa mnom i sa Palmom Srbija vi\u0161e ni\u0161ta ne mora, ve\u0107 jedino mo\u017ee, ako je to u njenom nacionalnom i dr\u017eavnom interesu. Aleksandar Vu\u010di\u0107 nema pouzdanijih saradnika od na\u0161e koalicije. Svi \u017eelimo da Srbija bude jaka, a da bi bila jaka ona mora da bude stabilna, a da bi bila stabilna treba da bude politi\u010dki stabilna, a to mo\u017ee samo sa jakim politi\u010dki faktorima\u201d, istakao je Da\u010di\u0107.<\/p>\n<p>,,Samo ekonomski jaka dr\u017eava, kao \u0161to je danas Srbija mo\u017ee biti nezavisna i da istrpi sve pritiske od strane nekih velikih sila. Za razliku od biv\u0161ih ministara spoljnih poslova Srbije koji su, kada su se vra\u0107ali u Srbiju, donosili samo visoke ra\u010dune iz skupih hotela i diplomatske poraze, Da\u010di\u0107, koji je 30 puta obi\u0161ao zemaljsku kuglu donosi otpriznavanja jednostrano progla\u0161enog nezavisnog Kosova\u201d, rekao je predsednik Jedinstvene Srbije Dragan Markovi\u0107 Palma. \u201cJa po\u0161tujem evropske ekonomske vrednosti, ali za one, a vi znate dobro koje, nikada ne\u0107emo glasati\u201d, izjavio je Markovi\u0107. \u201cAko bi se merilo po gradovima gde je \u0161ta ura\u0111eno, Jagodina je ve\u0107 u Evropskoj uniji. Poslednje 4 godine privreda Jagodine bele\u017ei suficit, koji je pro\u0161le godine iznosio 9 000 000 dolara. Sa dva nova investitora iz Nema\u010dke i Austrije koji \u0107e ove godine otvoriti svoje fabrike, u Jagodini danas imamo 14 stranih investitora. Na lokaciji gde je danas turisti\u010dki centar u Jagodini, pre 2004. godine i na\u0161eg dolaska na vlast ovde su bile koprive i korov. Na\u0161a koalicija ima dela koja su vidljiva. Ivica Da\u010di\u0107 i ja smo pravi predstavnici autenti\u010dnog srpskog doma\u0107ina. Na lokalnim izborima u Jagodini na zajedni\u010dkoj listi su i Jedinstvena Srbija i SPS i Srpska napredna stranka jer smo poslednje \u010detiri godine zajedno dobro radili u interesu gra\u0111ana. Porodica je osnovni stub svega u \u017eivotu i zato ova koalicija toliko dugo traje, jer mi smo kao jedna porodica\u201d, poru\u010dio je Markovi\u0107.<\/p>\n<p>Predizbornom skupu u veli\u010danstvenom ambijentu izleti\u0161ta \u201ePotok\u201c u Jagodini, prisustvovali su i funkcioneri SPS -a i Jedinstvene Srbije, kao i kandidati za narodne poslanike i za odbornike u Jagodini.<\/p>\n<p>&nbsp;<\/p>\n","protected":false},"excerpt":{"rendered":"<p>JAGODINA &#8211; Na konvenciji su govorili predsednici stranaka Ivica Da\u010di\u0107 i Dragan Markovi\u0107 Palma. ,,Ovde u Jagodini, citira\u0107u Jovan\u010du Mici\u0107a:\u201cCeo svet obi\u0111oh, ali kao Jagodinu &hellip; <\/p>\n","protected":false},"author":2,"featured_media":24353,"comment_status":"open","ping_status":"open","sticky":false,"template":"","format":"standard","meta":{"footnotes":""},"categories":[1524,2,1514,13,12],"tags":[393,58,702,120,406],"_links":{"self":[{"href":"https:\/\/centralmedia.rs\/index.php\/wp-json\/wp\/v2\/posts\/24352"}],"collection":[{"href":"https:\/\/centralmedia.rs\/index.php\/wp-json\/wp\/v2\/posts"}],"about":[{"href":"https:\/\/centralmedia.rs\/index.php\/wp-json\/wp\/v2\/types\/post"}],"author":[{"embeddable":true,"href":"https:\/\/centralmedia.rs\/index.php\/wp-json\/wp\/v2\/users\/2"}],"replies":[{"embeddable":true,"href":"https:\/\/centralmedia.rs\/index.php\/wp-json\/wp\/v2\/comments?post=24352"}],"version-history":[{"count":1,"href":"https:\/\/centralmedia.rs\/index.php\/wp-json\/wp\/v2\/posts\/24352\/revisions"}],"predecessor-version":[{"id":24354,"href":"https:\/\/centralmedia.rs\/index.php\/wp-json\/wp\/v2\/posts\/24352\/revisions\/24354"}],"wp:featuredmedia":[{"embeddable":true,"href":"https:\/\/centralmedia.rs\/index.php\/wp-json\/wp\/v2\/media\/24353"}],"wp:attachment":[{"href":"https:\/\/centralmedia.rs\/index.php\/wp-json\/wp\/v2\/media?parent=24352"}],"wp:term":[{"taxonomy":"category","embeddable":true,"href":"https:\/\/centralmedia.rs\/index.php\/wp-json\/wp\/v2\/categories?post=24352"},{"taxonomy":"post_tag","embeddable":true,"href":"https:\/\/centralmedia.rs\/index.php\/wp-json\/wp\/v2\/tags?post=24352"}],"curies":[{"name":"wp","href":"https:\/\/api.w.org\/{rel}","templated":true}]}}