{"id":24356,"date":"2020-06-15T14:20:31","date_gmt":"2020-06-15T14:20:31","guid":{"rendered":"http:\/\/centralmedia.rs\/?p=24356"},"modified":"2020-06-18T22:26:10","modified_gmt":"2020-06-18T22:26:10","slug":"krov-nad-glavom-dobilo-15-izbeglickih-porodica","status":"publish","type":"post","link":"https:\/\/centralmedia.rs\/index.php\/2020\/06\/15\/krov-nad-glavom-dobilo-15-izbeglickih-porodica\/","title":{"rendered":"KROV NAD GLAVOM DOBILO 15 IZBEGLI\u010cKIH PORODICA (FOTO)"},"content":{"rendered":"<p>SVILAJNAC-Prvi potpredsednik Vlade Sbije i ministar inostranih poslova Ivica Da\u010di\u0107 i predsednik op\u0161tine Svilajnac Predrag Milanovi\u0107 uru\u010dili su klju\u010deve 15 stanova izbegli\u010dkim porodicama iz Bosne i Hercegovine i Republike Hrvatske sa prebivali\u0161tem na teritoriji Op\u0161tine Svilajnac. Re\u010d je o podprojektu 5. Regionalnog stambenog programa (RSP) u Srbiji. Iz projekta je zbrinuto 23 porodice, podeljeno je 15 stanova i 8 seoskih ku\u0107a. U proteklih 10 godina u Svilajncu je obezbe\u0111eno 194 trajnih stambenih re\u0161enja, gra\u0111evinskog materijala, ku\u0107a, stanova, monta\u017enih ku\u0107a&#8230; Ostaju jo\u0161 izbegla lica sa Kosmeta za e\u0161avanje stambenih problema.<\/p>\n<div id='gallery-1' class='gallery galleryid-24356 gallery-columns-3 gallery-size-full'><figure class='gallery-item'>\n\t\t\t<div class='gallery-icon landscape'>\n\t\t\t\t<a href='https:\/\/centralmedia.rs\/index.php\/2020\/06\/15\/krov-nad-glavom-dobilo-15-izbeglickih-porodica\/dacic-3\/'><img loading=\"lazy\" decoding=\"async\" width=\"1800\" height=\"875\" src=\"https:\/\/centralmedia.rs\/wp-content\/uploads\/2020\/06\/dacic.jpg\" class=\"attachment-full size-full\" alt=\"\" srcset=\"https:\/\/centralmedia.rs\/wp-content\/uploads\/2020\/06\/dacic.jpg 1800w, https:\/\/centralmedia.rs\/wp-content\/uploads\/2020\/06\/dacic-300x146.jpg 300w, https:\/\/centralmedia.rs\/wp-content\/uploads\/2020\/06\/dacic-768x373.jpg 768w, https:\/\/centralmedia.rs\/wp-content\/uploads\/2020\/06\/dacic-1024x498.jpg 1024w, https:\/\/centralmedia.rs\/wp-content\/uploads\/2020\/06\/dacic-864x420.jpg 864w, https:\/\/centralmedia.rs\/wp-content\/uploads\/2020\/06\/dacic-640x311.jpg 640w, https:\/\/centralmedia.rs\/wp-content\/uploads\/2020\/06\/dacic-681x331.jpg 681w\" sizes=\"(max-width: 1800px) 100vw, 1800px\" \/><\/a>\n\t\t\t<\/div><\/figure><figure class='gallery-item'>\n\t\t\t<div class='gallery-icon landscape'>\n\t\t\t\t<a href='https:\/\/centralmedia.rs\/index.php\/2020\/06\/15\/krov-nad-glavom-dobilo-15-izbeglickih-porodica\/dacic1\/'><img loading=\"lazy\" decoding=\"async\" width=\"1800\" height=\"875\" src=\"https:\/\/centralmedia.rs\/wp-content\/uploads\/2020\/06\/dacic1.jpg\" class=\"attachment-full size-full\" alt=\"\" srcset=\"https:\/\/centralmedia.rs\/wp-content\/uploads\/2020\/06\/dacic1.jpg 1800w, https:\/\/centralmedia.rs\/wp-content\/uploads\/2020\/06\/dacic1-300x146.jpg 300w, https:\/\/centralmedia.rs\/wp-content\/uploads\/2020\/06\/dacic1-768x373.jpg 768w, https:\/\/centralmedia.rs\/wp-content\/uploads\/2020\/06\/dacic1-1024x498.jpg 1024w, https:\/\/centralmedia.rs\/wp-content\/uploads\/2020\/06\/dacic1-864x420.jpg 864w, https:\/\/centralmedia.rs\/wp-content\/uploads\/2020\/06\/dacic1-640x311.jpg 640w, https:\/\/centralmedia.rs\/wp-content\/uploads\/2020\/06\/dacic1-681x331.jpg 681w\" sizes=\"(max-width: 1800px) 100vw, 1800px\" \/><\/a>\n\t\t\t<\/div><\/figure><figure class='gallery-item'>\n\t\t\t<div class='gallery-icon landscape'>\n\t\t\t\t<a href='https:\/\/centralmedia.rs\/index.php\/2020\/06\/15\/krov-nad-glavom-dobilo-15-izbeglickih-porodica\/dacic2\/'><img loading=\"lazy\" decoding=\"async\" width=\"1800\" height=\"875\" src=\"https:\/\/centralmedia.rs\/wp-content\/uploads\/2020\/06\/dacic2.jpg\" class=\"attachment-full size-full\" alt=\"\" srcset=\"https:\/\/centralmedia.rs\/wp-content\/uploads\/2020\/06\/dacic2.jpg 1800w, https:\/\/centralmedia.rs\/wp-content\/uploads\/2020\/06\/dacic2-300x146.jpg 300w, https:\/\/centralmedia.rs\/wp-content\/uploads\/2020\/06\/dacic2-768x373.jpg 768w, https:\/\/centralmedia.rs\/wp-content\/uploads\/2020\/06\/dacic2-1024x498.jpg 1024w, https:\/\/centralmedia.rs\/wp-content\/uploads\/2020\/06\/dacic2-864x420.jpg 864w, https:\/\/centralmedia.rs\/wp-content\/uploads\/2020\/06\/dacic2-640x311.jpg 640w, https:\/\/centralmedia.rs\/wp-content\/uploads\/2020\/06\/dacic2-681x331.jpg 681w\" sizes=\"(max-width: 1800px) 100vw, 1800px\" \/><\/a>\n\t\t\t<\/div><\/figure>\n\t\t<\/div>\n\n<p>-Dolaskom ovih porodica u Svilajnac, ne samo da smo pove\u0107ali broj stanovnika, nego smo dobili i dobre sugra\u0111ane i drago mi je \u0161to su tada odabrali Svilajnac da u njemu \u017eive. \u017delim vam da\u00a0ovde osnivate svoje porodice, da odgajate decu, da vas pose\u0107uju va\u0161i unu\u010di\u0107i. Mi \u0107emo se truditi da budemo i na dalje dobri doma\u0107ini dok narednim godinama uloga doma\u0107ina postaje i va\u0161a, rekao je tom prilikom \u00a0Milanovi\u0107.<br \/>\nDa\u010di\u0107 se ovom prilikom zahvalio Op\u0161tini Svilajnac na dobroj saradnji.<\/p>\n<p>-Regionalni stambeni program obuhvata sve najugro\u017eenije izbegli\u010dke porodice i za cilj ima da omogu\u0107i trajna stambena re\u0161enja, time doprinese br\u017eem i lak\u0161em pomorenju. Lokalne samouprave su bitan partner u realizaciji jer obezbe\u0111uju lokaciju i komunalnu infrastrukturu, istakao je on i zahvalio se donatorima .<\/p>\n<div id='gallery-2' class='gallery galleryid-24356 gallery-columns-5 gallery-size-thumbnail'><figure class='gallery-item'>\n\t\t\t<div class='gallery-icon landscape'>\n\t\t\t\t<a href='https:\/\/centralmedia.rs\/index.php\/2020\/06\/15\/krov-nad-glavom-dobilo-15-izbeglickih-porodica\/dacic8\/'><img loading=\"lazy\" decoding=\"async\" width=\"150\" height=\"150\" src=\"https:\/\/centralmedia.rs\/wp-content\/uploads\/2020\/06\/dacic8-150x150.jpg\" class=\"attachment-thumbnail size-thumbnail\" alt=\"\" \/><\/a>\n\t\t\t<\/div><\/figure><figure class='gallery-item'>\n\t\t\t<div class='gallery-icon landscape'>\n\t\t\t\t<a href='https:\/\/centralmedia.rs\/index.php\/2020\/06\/15\/krov-nad-glavom-dobilo-15-izbeglickih-porodica\/dacic7\/'><img loading=\"lazy\" decoding=\"async\" width=\"150\" height=\"150\" src=\"https:\/\/centralmedia.rs\/wp-content\/uploads\/2020\/06\/dacic7-150x150.jpg\" class=\"attachment-thumbnail size-thumbnail\" alt=\"\" \/><\/a>\n\t\t\t<\/div><\/figure><figure class='gallery-item'>\n\t\t\t<div class='gallery-icon landscape'>\n\t\t\t\t<a href='https:\/\/centralmedia.rs\/index.php\/2020\/06\/15\/krov-nad-glavom-dobilo-15-izbeglickih-porodica\/dacic6\/'><img loading=\"lazy\" decoding=\"async\" width=\"150\" height=\"150\" src=\"https:\/\/centralmedia.rs\/wp-content\/uploads\/2020\/06\/dacic6-150x150.jpg\" class=\"attachment-thumbnail size-thumbnail\" alt=\"\" \/><\/a>\n\t\t\t<\/div><\/figure><figure class='gallery-item'>\n\t\t\t<div class='gallery-icon landscape'>\n\t\t\t\t<a href='https:\/\/centralmedia.rs\/index.php\/2020\/06\/15\/krov-nad-glavom-dobilo-15-izbeglickih-porodica\/dacic5\/'><img loading=\"lazy\" decoding=\"async\" width=\"150\" height=\"150\" src=\"https:\/\/centralmedia.rs\/wp-content\/uploads\/2020\/06\/dacic5-150x150.jpg\" class=\"attachment-thumbnail size-thumbnail\" alt=\"\" \/><\/a>\n\t\t\t<\/div><\/figure><figure class='gallery-item'>\n\t\t\t<div class='gallery-icon landscape'>\n\t\t\t\t<a href='https:\/\/centralmedia.rs\/index.php\/2020\/06\/15\/krov-nad-glavom-dobilo-15-izbeglickih-porodica\/dacic4\/'><img loading=\"lazy\" decoding=\"async\" width=\"150\" height=\"150\" src=\"https:\/\/centralmedia.rs\/wp-content\/uploads\/2020\/06\/dacic4-150x150.jpg\" class=\"attachment-thumbnail size-thumbnail\" alt=\"\" \/><\/a>\n\t\t\t<\/div><\/figure>\n\t\t<\/div>\n\n<p>Doga\u0111aju su prisustvovali i ministar dr\u017eavne uprave i lokalne samouprave Branko Ru\u017ei\u0107, Vladimir Cuci\u0107, komesar za izbeglice i migracije, Du\u0161an Kova\u010devi\u0107, direktor Jedinice za upravljanje projektima u javnom sektoru, predstavnici drugih dr\u017eavnih i me\u0111unarodnih institucija i organizacija i korisnici.<\/p>\n<div id='gallery-3' class='gallery galleryid-24356 gallery-columns-4 gallery-size-thumbnail'><figure class='gallery-item'>\n\t\t\t<div class='gallery-icon landscape'>\n\t\t\t\t<a href='https:\/\/centralmedia.rs\/index.php\/2020\/06\/15\/krov-nad-glavom-dobilo-15-izbeglickih-porodica\/dacic9\/'><img loading=\"lazy\" decoding=\"async\" width=\"150\" height=\"150\" src=\"https:\/\/centralmedia.rs\/wp-content\/uploads\/2020\/06\/dacic9-150x150.jpg\" class=\"attachment-thumbnail size-thumbnail\" alt=\"\" \/><\/a>\n\t\t\t<\/div><\/figure><figure class='gallery-item'>\n\t\t\t<div class='gallery-icon landscape'>\n\t\t\t\t<a href='https:\/\/centralmedia.rs\/index.php\/2020\/06\/15\/krov-nad-glavom-dobilo-15-izbeglickih-porodica\/dacic10\/'><img loading=\"lazy\" decoding=\"async\" width=\"150\" height=\"150\" src=\"https:\/\/centralmedia.rs\/wp-content\/uploads\/2020\/06\/dacic10-150x150.jpg\" class=\"attachment-thumbnail size-thumbnail\" alt=\"\" \/><\/a>\n\t\t\t<\/div><\/figure><figure class='gallery-item'>\n\t\t\t<div class='gallery-icon landscape'>\n\t\t\t\t<a href='https:\/\/centralmedia.rs\/index.php\/2020\/06\/15\/krov-nad-glavom-dobilo-15-izbeglickih-porodica\/dacic11\/'><img loading=\"lazy\" decoding=\"async\" width=\"150\" height=\"150\" src=\"https:\/\/centralmedia.rs\/wp-content\/uploads\/2020\/06\/dacic11-150x150.jpg\" class=\"attachment-thumbnail size-thumbnail\" alt=\"\" \/><\/a>\n\t\t\t<\/div><\/figure><figure class='gallery-item'>\n\t\t\t<div class='gallery-icon portrait'>\n\t\t\t\t<a href='https:\/\/centralmedia.rs\/index.php\/2020\/06\/15\/krov-nad-glavom-dobilo-15-izbeglickih-porodica\/daicic\/'><img loading=\"lazy\" decoding=\"async\" width=\"150\" height=\"150\" src=\"https:\/\/centralmedia.rs\/wp-content\/uploads\/2020\/06\/daicic-150x150.jpg\" class=\"attachment-thumbnail size-thumbnail\" alt=\"\" \/><\/a>\n\t\t\t<\/div><\/figure>\n\t\t<\/div>\n\n","protected":false},"excerpt":{"rendered":"<p>SVILAJNAC-Prvi potpredsednik Vlade Sbije i ministar inostranih poslova Ivica Da\u010di\u0107 i predsednik op\u0161tine Svilajnac Predrag Milanovi\u0107 uru\u010dili su klju\u010deve 15 stanova izbegli\u010dkim porodicama iz Bosne &hellip; <\/p>\n","protected":false},"author":2,"featured_media":24357,"comment_status":"open","ping_status":"open","sticky":false,"template":"","format":"standard","meta":{"footnotes":""},"categories":[14,1524,2,887,12,1517],"tags":[4039,1979,1441,4711,38],"_links":{"self":[{"href":"https:\/\/centralmedia.rs\/index.php\/wp-json\/wp\/v2\/posts\/24356"}],"collection":[{"href":"https:\/\/centralmedia.rs\/index.php\/wp-json\/wp\/v2\/posts"}],"about":[{"href":"https:\/\/centralmedia.rs\/index.php\/wp-json\/wp\/v2\/types\/post"}],"author":[{"embeddable":true,"href":"https:\/\/centralmedia.rs\/index.php\/wp-json\/wp\/v2\/users\/2"}],"replies":[{"embeddable":true,"href":"https:\/\/centralmedia.rs\/index.php\/wp-json\/wp\/v2\/comments?post=24356"}],"version-history":[{"count":3,"href":"https:\/\/centralmedia.rs\/index.php\/wp-json\/wp\/v2\/posts\/24356\/revisions"}],"predecessor-version":[{"id":24372,"href":"https:\/\/centralmedia.rs\/index.php\/wp-json\/wp\/v2\/posts\/24356\/revisions\/24372"}],"wp:featuredmedia":[{"embeddable":true,"href":"https:\/\/centralmedia.rs\/index.php\/wp-json\/wp\/v2\/media\/24357"}],"wp:attachment":[{"href":"https:\/\/centralmedia.rs\/index.php\/wp-json\/wp\/v2\/media?parent=24356"}],"wp:term":[{"taxonomy":"category","embeddable":true,"href":"https:\/\/centralmedia.rs\/index.php\/wp-json\/wp\/v2\/categories?post=24356"},{"taxonomy":"post_tag","embeddable":true,"href":"https:\/\/centralmedia.rs\/index.php\/wp-json\/wp\/v2\/tags?post=24356"}],"curies":[{"name":"wp","href":"https:\/\/api.w.org\/{rel}","templated":true}]}}