{"id":2437,"date":"2016-03-17T19:16:29","date_gmt":"2016-03-17T19:16:29","guid":{"rendered":"http:\/\/centralmedia.rs\/?p=2437"},"modified":"2016-03-17T19:16:29","modified_gmt":"2016-03-17T19:16:29","slug":"dacki-parlament-savest-os-17-oktobar","status":"publish","type":"post","link":"https:\/\/centralmedia.rs\/index.php\/2016\/03\/17\/dacki-parlament-savest-os-17-oktobar\/","title":{"rendered":"\u0110A\u010cKI PARLAMENT SAVEST O\u0160 17 OKTOBAR"},"content":{"rendered":"<p>JAGODINA-\u0110a\u010dki parlament O\u0160 17 oktobar zovu i ,,savest \u0161kole\u201c, jer su \u0111a\u010dkim de\u017eurstvima disciplinovali profesore i u\u010denike, a zatim pokrenuli humanitarne akcije i organizaciju raznih obrazovnih aktivnosti. Profesori su prestali da \u0161alju u\u010denike za vreme nastave da im pla\u0107aju ra\u010dune ili po u\u017einu,  broj \u0111a\u010dkih konflikata je manji za polovinu, dok su neopravdani izlasci sa nastave \u010detiri puta smanjeni.<br \/>\n\t-U prvom kvartalu je 290 u\u010denika izazilo sa \u010dasa neopravdano, odnosno samoinicijativno, a 159. je pustio profesor. Za svako odeljenje se vodi statistika, koja se uru\u010duje razrednim stare\u0161inama sa predlogom za ka\u017enjavanje u\u010denika i to uglavnom bude usmeni ukor. To je doprinelo da u drugom kvartalu samoinicijativno napusti nastavu tek 77 u\u010denika ili skoro \u010detiri puta manje, dok su nastavnici pustili 110 u\u010denika.Te podatke stavljamo na oglasnu tablu, kao i razloge, ka\u017ee predsednik \u0110a\u010dkog parlamenta Bojan Pavlovi\u0107. <a href=\"https:\/\/centralmedia.rs\/wp-content\/uploads\/2016\/03\/ucenici-17-oktobar-jagodina-g.j..jpg\" rel=\"attachment wp-att-2439\"><img loading=\"lazy\" decoding=\"async\" src=\"https:\/\/centralmedia.rs\/wp-content\/uploads\/2016\/03\/ucenici-17-oktobar-jagodina-g.j.-300x225.jpg\" alt=\"ucenici 17 oktobar-jagodina-g.j.\" width=\"300\" height=\"225\" class=\"alignnone size-medium wp-image-2439\" srcset=\"https:\/\/centralmedia.rs\/wp-content\/uploads\/2016\/03\/ucenici-17-oktobar-jagodina-g.j.-300x225.jpg 300w, https:\/\/centralmedia.rs\/wp-content\/uploads\/2016\/03\/ucenici-17-oktobar-jagodina-g.j.-768x576.jpg 768w, https:\/\/centralmedia.rs\/wp-content\/uploads\/2016\/03\/ucenici-17-oktobar-jagodina-g.j.-1024x768.jpg 1024w, https:\/\/centralmedia.rs\/wp-content\/uploads\/2016\/03\/ucenici-17-oktobar-jagodina-g.j.-80x60.jpg 80w, https:\/\/centralmedia.rs\/wp-content\/uploads\/2016\/03\/ucenici-17-oktobar-jagodina-g.j.-265x198.jpg 265w, https:\/\/centralmedia.rs\/wp-content\/uploads\/2016\/03\/ucenici-17-oktobar-jagodina-g.j..jpg 1200w\" sizes=\"(max-width: 300px) 100vw, 300px\" \/><\/a><br \/>\nPod opravdanim razlozima za napu\u0161tanje profesori su slali u\u010denike sa \u010dasova po kredu ili marker, iako bi trebali budu spremni za nastavu, ali u\u010denici su odlazili sa \u010dasova kako bi profesorima pla\u0107ali ra\u010dune, kupili doru\u010dak ili u\u017einu, kao i da kopiraju neka dokumenta i mnoge druge sitnice.<br \/>\n\t-Tridesetak u\u010denika se stalno pojavljuje u na\u0161im statistikama koji samoinicijativno napu\u0161taju \u010dasove. Ka\u017eu da im je dosadno ili navodno da moraju da iza\u0111u kako bi popri\u010dali sa nekim. U po\u010detku profesori nisu podr\u017eavali de\u017eurstva i zapisivanje, ali su korigovali mi\u0161ljenje posle rezultata koje smo prikazali. Me\u0111utim, delu profesora se ne svi\u0111a kada se njihova imena na\u0111u na spisku na oglasnoj tabli. Zbog toga smo morali da promenimo na\u010din de\u017eurstva, obja\u0161njava Pavlovi\u0107.<br \/>\nPortparolka tog parlamenta Lea Tasi\u0107, u\u010denica osmog razreda, najavila je da \u0107e u organizaciji tog  parlamentga od 15 aprila biti odr\u017ean Festival nauke, kao i da \u0107e ga otvoriti nau\u010dnik dr Velimir Abramovi\u0107. Pored toga, parlament organizuje  humanitarne akcije i do sada je pomo\u0107 dobilo troje siroma\u0161nih u\u010denika.<\/p>\n","protected":false},"excerpt":{"rendered":"<p>JAGODINA-\u0110a\u010dki parlament O\u0160 17 oktobar zovu i ,,savest \u0161kole\u201c, jer su \u0111a\u010dkim de\u017eurstvima disciplinovali profesore i u\u010denike, a zatim pokrenuli humanitarne akcije i organizaciju raznih &hellip; <\/p>\n","protected":false},"author":4,"featured_media":2438,"comment_status":"open","ping_status":"open","sticky":false,"template":"","format":"standard","meta":{"footnotes":""},"categories":[2,12,30],"tags":[629,58,630],"_links":{"self":[{"href":"https:\/\/centralmedia.rs\/index.php\/wp-json\/wp\/v2\/posts\/2437"}],"collection":[{"href":"https:\/\/centralmedia.rs\/index.php\/wp-json\/wp\/v2\/posts"}],"about":[{"href":"https:\/\/centralmedia.rs\/index.php\/wp-json\/wp\/v2\/types\/post"}],"author":[{"embeddable":true,"href":"https:\/\/centralmedia.rs\/index.php\/wp-json\/wp\/v2\/users\/4"}],"replies":[{"embeddable":true,"href":"https:\/\/centralmedia.rs\/index.php\/wp-json\/wp\/v2\/comments?post=2437"}],"version-history":[{"count":0,"href":"https:\/\/centralmedia.rs\/index.php\/wp-json\/wp\/v2\/posts\/2437\/revisions"}],"wp:featuredmedia":[{"embeddable":true,"href":"https:\/\/centralmedia.rs\/index.php\/wp-json\/wp\/v2\/media\/2438"}],"wp:attachment":[{"href":"https:\/\/centralmedia.rs\/index.php\/wp-json\/wp\/v2\/media?parent=2437"}],"wp:term":[{"taxonomy":"category","embeddable":true,"href":"https:\/\/centralmedia.rs\/index.php\/wp-json\/wp\/v2\/categories?post=2437"},{"taxonomy":"post_tag","embeddable":true,"href":"https:\/\/centralmedia.rs\/index.php\/wp-json\/wp\/v2\/tags?post=2437"}],"curies":[{"name":"wp","href":"https:\/\/api.w.org\/{rel}","templated":true}]}}