{"id":24384,"date":"2020-06-17T06:46:03","date_gmt":"2020-06-17T06:46:03","guid":{"rendered":"http:\/\/centralmedia.rs\/?p=24384"},"modified":"2020-06-18T22:26:23","modified_gmt":"2020-06-18T22:26:23","slug":"predsednik-opstine-paracin-i-nosilac-liste-na-lokalnim-izborima-u-intervjuu-za-danas-sasa-paunovic-ocekujemo-pobedu-na-paracinski-nacin","status":"publish","type":"post","link":"https:\/\/centralmedia.rs\/index.php\/2020\/06\/17\/predsednik-opstine-paracin-i-nosilac-liste-na-lokalnim-izborima-u-intervjuu-za-danas-sasa-paunovic-ocekujemo-pobedu-na-paracinski-nacin\/","title":{"rendered":"Predsednik op\u0161tine Para\u0107in i nosilac liste na lokalnim izborima u intervjuu za Danas Sa\u0161a Paunovi\u0107: O\u010dekujemo pobedu na \u201epara\u0107inski\u201c na\u010din"},"content":{"rendered":"<p>PARA\u0106IN- Sa\u0161a Paunovi\u0107, predsednik op\u0161tine Para\u0107in i nosilac liste \u201eSa\u0161a Paunovi\u0107 \u2013 Sigurno napred\u201c na lokalnim izborima u ovoj op\u0161tini, o\u010dekuje pobedu i to, kako je rekao u intervjuu za Danas, na para\u0107inski na\u010din.<\/p>\n<p><strong>U fini\u0161u kampanje suo\u010davate se sa najavom privatne tu\u017ebe \u0161efa odseka za suzbijanje kriminala u Policijskoj stanici u Para\u0107inu zbog va\u0161ih izjava da sa koordinatorima SNS u Para\u0107inu u\u010destvuje u pretnjama i ucenama privrednika. Kako naprednjaci pritiskaju gra\u0111ane i kada se to de\u0161avalo?<\/strong><\/p>\n<p>\u2013 Cela kampanja SNS svodi se na poku\u0161aje da kandidate drugih izbornih lista \u201eubede\u201c da odustanu od kandidature, da tokom kampanje pre\u0111u u SNS ili da bar ne rade ozbiljno kampanju na terenu. Ti pritisci su uglavnom \u201elokalno inspirisani\u201c, poti\u010du od lokalnog povereni\u0161tva SNS uz kori\u0161\u0107enje \u201eautoriteta\u201c \u201ekoordinatora iz Beograda\u201c. Pritisak se vr\u0161i i na preduzetnike kako bi se javno deklarisali kao simpatizeri SNS, u\u010destvovali u kampanji, prisustvovali skupovima, \u201eubedili\u201c radnike koji rade kod njih da glasaju \u201eza SNS\u201c. Ljudi se pozivaju preko kontakta sa lokala, onda ih u drugom koraku kontaktira neki \u201eautoritet\u201c koji svemu daje ozbiljnost, kontaktiraju se \u010dlanovi porodice, stavlja im se u izgled gubitak posla u dr\u017eavnoj slu\u017ebi, zaposlenja u dr\u017eavnoj slu\u017ebi, dolazak neke inspekcije ukoliko su privrednici. To za sada nije dalo rezultate, ali jeste novina u odnosu na 2016.<\/p>\n<p><strong>Imate li dokaze za takve tvrdnje?<\/strong><\/p>\n<p>\u2013 Koliko \u010dujem, policajac o kome je re\u010d setio se jednog od tih razgovora, sa supru\u017enikom kandidata koji ima poslovnu saradnju sa jednim dr\u017eavnim javnim preduze\u0107em, ali nije mislio da je to protuma\u010deno kao pritisak, a to nije jedini \u201eprijateljski razgovor\u201c o kome se pri\u010da.<\/p>\n<p><strong>\u00a0Sa izbornom situacijom u Para\u0107inu upoznali ste i izvestioca EP za Srbiju i \u0161efa Delegacije EU u Srbiji. Nije prvi put da evropskim zvani\u010dnicima predstavljate izborne i sve druge nepravilnosti a one se ponavljaju. Mogu li stranci da re\u0161e na\u0161e probleme?<\/strong><\/p>\n<p>\u2013 Stranci ne mogu da re\u0161e na\u0161e probleme, ni\u0161ta ne zavisi ni od kakvih stranaca i ambasada, sve zavisi samo od nas.<\/p>\n<p><strong>Kako, kao jedan od prvih \u201eizdajnika\u201c bojkota vidite odluku PSG da iza\u0111e na izbore i SDS da iza\u0111e na poneke lokalne?<\/strong><\/p>\n<p>\u2013 To su zakasnele odluke sa stanovi\u0161ta ostvarivanja nekog izbornog uspeha. Bez pripreme od godinu dana u ovim okolnostima ne treba imati velika o\u010dekivanja.<\/p>\n<p><strong>Za realizaciju kojeg plana su \u017eitelji op\u0161tine koju vodite najvi\u0161e zainteresovani a predlo\u017eili ste ga u kampanji?<\/strong><\/p>\n<p>\u2013 Otvaranje radnih mesta, imamo veliku investiciju i na desetine manjih koje realizujemo u op\u0161tinskoj industrijskoj zoni, re\u0161avanje problema parkiranja, razli\u010dita lokalna infrastrukturna pitanja. Uobi\u010dajene teme lokalnih izbora.<\/p>\n<p><strong>\u00a0Ima li u Para\u0107inu straha od izlaska na izbore zbog virusa?<\/strong><\/p>\n<p>\u2013 Sreo sam na terenu gra\u0111ane koji su u velikom strahu da bi mogli da se inficiraju korona virusom ukoliko iza\u0111u na izbore. Nije re\u010d o velikom broju, ali sigurno ih ima. Re\u010d je uglavnom o na\u0161im najstarijim sugra\u0111anima.<\/p>\n<p><strong>Kako se tu \u201eprimio\u201c bojkot?<\/strong><\/p>\n<p>\u2013 Van Beograda i velikih centara bojkot postoji samo kao virtualna pri\u010da na Tviteru i pomalo na Fejsbuku. U mojoj izbornoj jedinici od oko 700 bira\u010da ima \u010detiri ili pet tvitera\u0161a i to je natprose\u010dan broj za Para\u0107in, u selima ih ima manje. Toliko ljudi je otprilike i \u010dulo za bojkot. Mnogo vi\u0161e ljudi ne\u0107e iza\u0107i na izbore jer prosto ne vide za koga bi glasali.<\/p>\n<p><strong>\u00a0Imate li istra\u017eivanja o rejtingu va\u0161e liste i koliko ste sigurni u pobedu?<\/strong><\/p>\n<p>\u2013 Prema istra\u017eivanjima koja smo sami radili o\u010dekujemo pobedu, na lokalnim izborima na \u201epara\u0107inski\u201c na\u010din te\u0161ko je govoriti o procentima. Do sada smo imali rezultate od oko 35 odsto a potencijal nam je uvek bio ve\u0107i, tako i sada izgleda stanje na terenu, \u010dak do 44 odsto podr\u0161ke u gradu, kao pred pro\u0161le izbore, ali se glasovi \u010desto podele na ve\u0107i broj lista po \u201ero\u0111a\u010dkim i prijateljskim\u201c kontaktima na kraju, vide\u0107emo kad prebrojimo.<\/p>\n<p>&nbsp;<\/p>\n","protected":false},"excerpt":{"rendered":"<p>PARA\u0106IN- Sa\u0161a Paunovi\u0107, predsednik op\u0161tine Para\u0107in i nosilac liste \u201eSa\u0161a Paunovi\u0107 \u2013 Sigurno napred\u201c na lokalnim izborima u ovoj op\u0161tini, o\u010dekuje pobedu i to, kako &hellip; <\/p>\n","protected":false},"author":2,"featured_media":9791,"comment_status":"open","ping_status":"open","sticky":false,"template":"","format":"standard","meta":{"footnotes":""},"categories":[1524,2,1516,13,887,12],"tags":[643,156,552],"_links":{"self":[{"href":"https:\/\/centralmedia.rs\/index.php\/wp-json\/wp\/v2\/posts\/24384"}],"collection":[{"href":"https:\/\/centralmedia.rs\/index.php\/wp-json\/wp\/v2\/posts"}],"about":[{"href":"https:\/\/centralmedia.rs\/index.php\/wp-json\/wp\/v2\/types\/post"}],"author":[{"embeddable":true,"href":"https:\/\/centralmedia.rs\/index.php\/wp-json\/wp\/v2\/users\/2"}],"replies":[{"embeddable":true,"href":"https:\/\/centralmedia.rs\/index.php\/wp-json\/wp\/v2\/comments?post=24384"}],"version-history":[{"count":1,"href":"https:\/\/centralmedia.rs\/index.php\/wp-json\/wp\/v2\/posts\/24384\/revisions"}],"predecessor-version":[{"id":24385,"href":"https:\/\/centralmedia.rs\/index.php\/wp-json\/wp\/v2\/posts\/24384\/revisions\/24385"}],"wp:featuredmedia":[{"embeddable":true,"href":"https:\/\/centralmedia.rs\/index.php\/wp-json\/wp\/v2\/media\/9791"}],"wp:attachment":[{"href":"https:\/\/centralmedia.rs\/index.php\/wp-json\/wp\/v2\/media?parent=24384"}],"wp:term":[{"taxonomy":"category","embeddable":true,"href":"https:\/\/centralmedia.rs\/index.php\/wp-json\/wp\/v2\/categories?post=24384"},{"taxonomy":"post_tag","embeddable":true,"href":"https:\/\/centralmedia.rs\/index.php\/wp-json\/wp\/v2\/tags?post=24384"}],"curies":[{"name":"wp","href":"https:\/\/api.w.org\/{rel}","templated":true}]}}