{"id":24389,"date":"2020-06-17T07:37:12","date_gmt":"2020-06-17T07:37:12","guid":{"rendered":"http:\/\/centralmedia.rs\/?p=24389"},"modified":"2020-06-18T22:26:38","modified_gmt":"2020-06-18T22:26:38","slug":"izgradnja-crkve-u-rasevici","status":"publish","type":"post","link":"https:\/\/centralmedia.rs\/index.php\/2020\/06\/17\/izgradnja-crkve-u-rasevici\/","title":{"rendered":"IZGRADNJA CRKVE U RA\u0160EVICI"},"content":{"rendered":"<p>PARA\u0106IN- Nastavljeni su gra\u0111evinski radovi na rekostrukciji hrama Hristovog ro\u0111enja u Ra\u0161evici kod Para\u0107ina.<\/p>\n<p>-Nastavljena je izgradnja crkve u Ra\u0161evici, re\u010d je objektu koji je dobio op\u0161tinsku pomo\u0107. Ima jo\u0161 mnogo posla do zavr\u0161etka crkve, tu je i pomo\u0107 me\u0161tana, ali i u narednim godinama treba o\u010dekivati pomo\u0107 op\u0161tine. Osima za ovah, jo\u0161 nekoliko verskih objekata dobilo pomo\u0107 za izgradnju na javnom konkursu, rekao je predsednik te op\u0161tine Sa\u0161a Paunovi\u0107.<\/p>\n<p>Putem sprovedenog javnog konkursa vi\u0161e crkvenih objekata dobilo je pomo\u0107 Op\u0161tine za rekonstrukciju.<\/p>\n<div id='gallery-1' class='gallery galleryid-24389 gallery-columns-3 gallery-size-full'><figure class='gallery-item'>\n\t\t\t<div class='gallery-icon landscape'>\n\t\t\t\t<a href='https:\/\/centralmedia.rs\/index.php\/2020\/06\/17\/izgradnja-crkve-u-rasevici\/crkva-6\/'><img loading=\"lazy\" decoding=\"async\" width=\"1312\" height=\"640\" src=\"https:\/\/centralmedia.rs\/wp-content\/uploads\/2020\/06\/crkva.jpg\" class=\"attachment-full size-full\" alt=\"\" srcset=\"https:\/\/centralmedia.rs\/wp-content\/uploads\/2020\/06\/crkva.jpg 1312w, https:\/\/centralmedia.rs\/wp-content\/uploads\/2020\/06\/crkva-300x146.jpg 300w, https:\/\/centralmedia.rs\/wp-content\/uploads\/2020\/06\/crkva-768x375.jpg 768w, https:\/\/centralmedia.rs\/wp-content\/uploads\/2020\/06\/crkva-1024x500.jpg 1024w, https:\/\/centralmedia.rs\/wp-content\/uploads\/2020\/06\/crkva-861x420.jpg 861w, https:\/\/centralmedia.rs\/wp-content\/uploads\/2020\/06\/crkva-640x312.jpg 640w, https:\/\/centralmedia.rs\/wp-content\/uploads\/2020\/06\/crkva-681x332.jpg 681w\" sizes=\"(max-width: 1312px) 100vw, 1312px\" \/><\/a>\n\t\t\t<\/div><\/figure><figure class='gallery-item'>\n\t\t\t<div class='gallery-icon landscape'>\n\t\t\t\t<a href='https:\/\/centralmedia.rs\/index.php\/2020\/06\/17\/izgradnja-crkve-u-rasevici\/crkva2-2\/'><img loading=\"lazy\" decoding=\"async\" width=\"2048\" height=\"1152\" src=\"https:\/\/centralmedia.rs\/wp-content\/uploads\/2020\/06\/crkva2.jpg\" class=\"attachment-full size-full\" alt=\"\" srcset=\"https:\/\/centralmedia.rs\/wp-content\/uploads\/2020\/06\/crkva2.jpg 2048w, https:\/\/centralmedia.rs\/wp-content\/uploads\/2020\/06\/crkva2-300x169.jpg 300w, https:\/\/centralmedia.rs\/wp-content\/uploads\/2020\/06\/crkva2-768x432.jpg 768w, https:\/\/centralmedia.rs\/wp-content\/uploads\/2020\/06\/crkva2-1024x576.jpg 1024w, https:\/\/centralmedia.rs\/wp-content\/uploads\/2020\/06\/crkva2-747x420.jpg 747w, https:\/\/centralmedia.rs\/wp-content\/uploads\/2020\/06\/crkva2-640x360.jpg 640w, https:\/\/centralmedia.rs\/wp-content\/uploads\/2020\/06\/crkva2-681x383.jpg 681w\" sizes=\"(max-width: 2048px) 100vw, 2048px\" \/><\/a>\n\t\t\t<\/div><\/figure><figure class='gallery-item'>\n\t\t\t<div class='gallery-icon landscape'>\n\t\t\t\t<a href='https:\/\/centralmedia.rs\/index.php\/2020\/06\/17\/izgradnja-crkve-u-rasevici\/crkva3-2\/'><img loading=\"lazy\" decoding=\"async\" width=\"2048\" height=\"1152\" src=\"https:\/\/centralmedia.rs\/wp-content\/uploads\/2020\/06\/crkva3.jpg\" class=\"attachment-full size-full\" alt=\"\" srcset=\"https:\/\/centralmedia.rs\/wp-content\/uploads\/2020\/06\/crkva3.jpg 2048w, https:\/\/centralmedia.rs\/wp-content\/uploads\/2020\/06\/crkva3-300x169.jpg 300w, https:\/\/centralmedia.rs\/wp-content\/uploads\/2020\/06\/crkva3-768x432.jpg 768w, https:\/\/centralmedia.rs\/wp-content\/uploads\/2020\/06\/crkva3-1024x576.jpg 1024w, https:\/\/centralmedia.rs\/wp-content\/uploads\/2020\/06\/crkva3-747x420.jpg 747w, https:\/\/centralmedia.rs\/wp-content\/uploads\/2020\/06\/crkva3-640x360.jpg 640w, https:\/\/centralmedia.rs\/wp-content\/uploads\/2020\/06\/crkva3-681x383.jpg 681w\" sizes=\"(max-width: 2048px) 100vw, 2048px\" \/><\/a>\n\t\t\t<\/div><\/figure>\n\t\t<\/div>\n\n","protected":false},"excerpt":{"rendered":"<p>PARA\u0106IN- Nastavljeni su gra\u0111evinski radovi na rekostrukciji hrama Hristovog ro\u0111enja u Ra\u0161evici kod Para\u0107ina. -Nastavljena je izgradnja crkve u Ra\u0161evici, re\u010d je objektu koji je &hellip; <\/p>\n","protected":false},"author":2,"featured_media":24390,"comment_status":"open","ping_status":"open","sticky":false,"template":"","format":"standard","meta":{"footnotes":""},"categories":[14,1524,2,1516,887,12],"tags":[867,156,2655],"_links":{"self":[{"href":"https:\/\/centralmedia.rs\/index.php\/wp-json\/wp\/v2\/posts\/24389"}],"collection":[{"href":"https:\/\/centralmedia.rs\/index.php\/wp-json\/wp\/v2\/posts"}],"about":[{"href":"https:\/\/centralmedia.rs\/index.php\/wp-json\/wp\/v2\/types\/post"}],"author":[{"embeddable":true,"href":"https:\/\/centralmedia.rs\/index.php\/wp-json\/wp\/v2\/users\/2"}],"replies":[{"embeddable":true,"href":"https:\/\/centralmedia.rs\/index.php\/wp-json\/wp\/v2\/comments?post=24389"}],"version-history":[{"count":1,"href":"https:\/\/centralmedia.rs\/index.php\/wp-json\/wp\/v2\/posts\/24389\/revisions"}],"predecessor-version":[{"id":24394,"href":"https:\/\/centralmedia.rs\/index.php\/wp-json\/wp\/v2\/posts\/24389\/revisions\/24394"}],"wp:featuredmedia":[{"embeddable":true,"href":"https:\/\/centralmedia.rs\/index.php\/wp-json\/wp\/v2\/media\/24390"}],"wp:attachment":[{"href":"https:\/\/centralmedia.rs\/index.php\/wp-json\/wp\/v2\/media?parent=24389"}],"wp:term":[{"taxonomy":"category","embeddable":true,"href":"https:\/\/centralmedia.rs\/index.php\/wp-json\/wp\/v2\/categories?post=24389"},{"taxonomy":"post_tag","embeddable":true,"href":"https:\/\/centralmedia.rs\/index.php\/wp-json\/wp\/v2\/tags?post=24389"}],"curies":[{"name":"wp","href":"https:\/\/api.w.org\/{rel}","templated":true}]}}