{"id":24399,"date":"2020-06-17T09:57:57","date_gmt":"2020-06-17T09:57:57","guid":{"rendered":"http:\/\/centralmedia.rs\/?p=24399"},"modified":"2020-06-20T21:54:46","modified_gmt":"2020-06-20T21:54:46","slug":"reparirani-vostani-novak-dokovic-stigao-u-muzej-vostanih-figura-u-jagodini","status":"publish","type":"post","link":"https:\/\/centralmedia.rs\/index.php\/2020\/06\/17\/reparirani-vostani-novak-dokovic-stigao-u-muzej-vostanih-figura-u-jagodini\/","title":{"rendered":"REPARIRANI VO\u0160TANI NOVAK \u0110OKOVI\u0106 STIGAO U MUZEJ VO\u0160TANIH FIGURA U JAGODINI"},"content":{"rendered":"<p>JAGODINA- U Muzeju vo\u0161tanih figura u Jagodini danas je postavljena reparirana vo\u0161tana figuira najboljeg tenisera sveta Novaka \u0110okovi\u0107a.<\/p>\n<p><img loading=\"lazy\" decoding=\"async\" class=\"alignnone wp-image-24400 size-full\" src=\"http:\/\/centralmedia.rs\/wp-content\/uploads\/2020\/06\/IMG-20200617-WA0000.jpg\" alt=\"\" width=\"688\" height=\"1416\" srcset=\"https:\/\/centralmedia.rs\/wp-content\/uploads\/2020\/06\/IMG-20200617-WA0000.jpg 688w, https:\/\/centralmedia.rs\/wp-content\/uploads\/2020\/06\/IMG-20200617-WA0000-146x300.jpg 146w, https:\/\/centralmedia.rs\/wp-content\/uploads\/2020\/06\/IMG-20200617-WA0000-498x1024.jpg 498w, https:\/\/centralmedia.rs\/wp-content\/uploads\/2020\/06\/IMG-20200617-WA0000-204x420.jpg 204w, https:\/\/centralmedia.rs\/wp-content\/uploads\/2020\/06\/IMG-20200617-WA0000-640x1317.jpg 640w, https:\/\/centralmedia.rs\/wp-content\/uploads\/2020\/06\/IMG-20200617-WA0000-681x1402.jpg 681w\" sizes=\"(max-width: 688px) 100vw, 688px\" \/><\/p>\n<p>-Moram da priznam da smo imali te\u017eak zadatak, jer Novak \u0110okovi\u0107 nije lak za modelovanje i za vajanje. \u0110okovi\u0107 ima specifi\u010dnu fizionomiju i ovaj zahtevan rad je trajao nekoliko meseci, izjavio je danas u Jagodini, direktor Umetni\u010dkog studija \u201cArtexcenter\u201d sa sedi\u0161tem u Rumi, vajar Branislav Crvenkovi\u0107.<\/p>\n<p>-Na\u0161 umetni\u010dki tim koristi najsavremenije svetske materijale za izradu figura i time podi\u017eemo standard vezan za izlo\u017ebene aktivnosti. Novak \u0110okovi\u0107 je 6. figura koju smo napravili za Muzej vo\u0161tanih figura u Jagodini. Saradnja sa Gradom Jagodina je odli\u010dna, rekao je Crvenkovi\u0107.<\/p>\n<p>-Dobro je poznato da vo\u0161tane figure zahtevaju odre\u0111enu mikro klimu u prostoru u kome se nalaze. Zbog ekspanzije u broju posetilaca i zbog poroznosti materijala od koga su izra\u0111eni sami eksponati, radimo reparaciju odre\u0111enog broja figura i njihove opreme. Zbog velikog interesovanja prva figura koja je reaprirana je figura Novaka \u0110okovi\u0107a. Pored toga zamenjena su i osvetlenja koja prate svaku na\u0161u figuru, izjavila je direktorka Turisti\u010dke organizacije Jagodine Valentina \u0110or\u0111evi\u0107.<\/p>\n","protected":false},"excerpt":{"rendered":"<p>JAGODINA- U Muzeju vo\u0161tanih figura u Jagodini danas je postavljena reparirana vo\u0161tana figuira najboljeg tenisera sveta Novaka \u0110okovi\u0107a. -Moram da priznam da smo imali te\u017eak &hellip; <\/p>\n","protected":false},"author":2,"featured_media":24400,"comment_status":"open","ping_status":"open","sticky":false,"template":"","format":"standard","meta":{"footnotes":""},"categories":[1524,2,1514,21,12],"tags":[4713,161,490],"_links":{"self":[{"href":"https:\/\/centralmedia.rs\/index.php\/wp-json\/wp\/v2\/posts\/24399"}],"collection":[{"href":"https:\/\/centralmedia.rs\/index.php\/wp-json\/wp\/v2\/posts"}],"about":[{"href":"https:\/\/centralmedia.rs\/index.php\/wp-json\/wp\/v2\/types\/post"}],"author":[{"embeddable":true,"href":"https:\/\/centralmedia.rs\/index.php\/wp-json\/wp\/v2\/users\/2"}],"replies":[{"embeddable":true,"href":"https:\/\/centralmedia.rs\/index.php\/wp-json\/wp\/v2\/comments?post=24399"}],"version-history":[{"count":1,"href":"https:\/\/centralmedia.rs\/index.php\/wp-json\/wp\/v2\/posts\/24399\/revisions"}],"predecessor-version":[{"id":24401,"href":"https:\/\/centralmedia.rs\/index.php\/wp-json\/wp\/v2\/posts\/24399\/revisions\/24401"}],"wp:featuredmedia":[{"embeddable":true,"href":"https:\/\/centralmedia.rs\/index.php\/wp-json\/wp\/v2\/media\/24400"}],"wp:attachment":[{"href":"https:\/\/centralmedia.rs\/index.php\/wp-json\/wp\/v2\/media?parent=24399"}],"wp:term":[{"taxonomy":"category","embeddable":true,"href":"https:\/\/centralmedia.rs\/index.php\/wp-json\/wp\/v2\/categories?post=24399"},{"taxonomy":"post_tag","embeddable":true,"href":"https:\/\/centralmedia.rs\/index.php\/wp-json\/wp\/v2\/tags?post=24399"}],"curies":[{"name":"wp","href":"https:\/\/api.w.org\/{rel}","templated":true}]}}