{"id":24402,"date":"2020-06-17T10:05:45","date_gmt":"2020-06-17T10:05:45","guid":{"rendered":"http:\/\/centralmedia.rs\/?p=24402"},"modified":"2020-06-18T22:28:57","modified_gmt":"2020-06-18T22:28:57","slug":"pokret-za-selo-i-grad-broj-7","status":"publish","type":"post","link":"https:\/\/centralmedia.rs\/index.php\/2020\/06\/17\/pokret-za-selo-i-grad-broj-7\/","title":{"rendered":"POKRET ZA SELO I GRAD &#8211; BROJ 7"},"content":{"rendered":"<p>PARA\u0106IN- Grupa gradjana Pokret za selo i grad na predstoje\u0107im lokalnim izborima u Para\u0107inu nastupa pod rednim brojem 7. Ono na \u0161ta ljudi iz Pokreta za selo i grad posebno posve\u0107uju pa\u017enju je unapredjenje i dalji razvoj turizma, poljoprivrede, sporta kao i unapredjenje socijalne za\u0161tite u Para\u0107inu.<\/p>\n<p>-Insistira\u0107emo u narednom periodu na dodatna ulaganja u kulturu i kulturna de\u0161avanja jer smatramo da Para\u0107in mo\u017ee postati regionalni centar kulturnih zbivanja. Moramo se povezati sa Kolarcem i drugim centrima kulture kako u Srbiji tako i u regionu kako bi na\u0161i sugradjani bili u prilici da u\u017eivaju u najboljim koncertima, izlo\u017ebama, predavanjima, takodje obezbedi\u0107emo u okviru ustanova kulture besplatne kurseve stranih jezika i drugih ve\u0161tina koje su potrebne \u010doveku u 21. veku. Sa posebnom pa\u017enjom radi\u0107emo na afirmaciji mladih umetnika kao \u0161to su slikari, pesnici, fotografi i muzi\u010dari, stoji u saop\u0161tenju pokreta.<\/p>\n<p>Predstavnici Pokreta za selo i grad ve\u0107 uveliko rade na otvaranju jedne visoko\u0161kolske akreditovane jedinice, kako bi Para\u0107in dobio prvi akreditovani fakultet i na taj na\u010din zna\u010dajno uticati na razvoj obrazovanja ne samo u op\u0161tini, ve\u0107 u pomoravskom regionu.<\/p>\n<p>-Isti\u010demo da smo u predhodnom periodu ve\u0107 bili aktivni na polju kulture i tako organizovali niz knji\u017eevnih ve\u010deri, d\u017eez koncerata i uspostavili saradnju sa ambasadama Venecuele, Egipta, Finske i Sjedinjenih Ameri\u010dkih Dr\u017eava te je Para\u0107in bio doma\u0107in izlo\u017ebi na kojima su predstavljene ove dr\u017eave, zaklju\u010duje se u saop\u0161tenju.<\/p>\n","protected":false},"excerpt":{"rendered":"<p>PARA\u0106IN- Grupa gradjana Pokret za selo i grad na predstoje\u0107im lokalnim izborima u Para\u0107inu nastupa pod rednim brojem 7. Ono na \u0161ta ljudi iz Pokreta &hellip; <\/p>\n","protected":false},"author":2,"featured_media":24404,"comment_status":"open","ping_status":"open","sticky":false,"template":"","format":"standard","meta":{"footnotes":""},"categories":[1524,2,1516,13,887,12],"tags":[4715,156,4714],"_links":{"self":[{"href":"https:\/\/centralmedia.rs\/index.php\/wp-json\/wp\/v2\/posts\/24402"}],"collection":[{"href":"https:\/\/centralmedia.rs\/index.php\/wp-json\/wp\/v2\/posts"}],"about":[{"href":"https:\/\/centralmedia.rs\/index.php\/wp-json\/wp\/v2\/types\/post"}],"author":[{"embeddable":true,"href":"https:\/\/centralmedia.rs\/index.php\/wp-json\/wp\/v2\/users\/2"}],"replies":[{"embeddable":true,"href":"https:\/\/centralmedia.rs\/index.php\/wp-json\/wp\/v2\/comments?post=24402"}],"version-history":[{"count":1,"href":"https:\/\/centralmedia.rs\/index.php\/wp-json\/wp\/v2\/posts\/24402\/revisions"}],"predecessor-version":[{"id":24405,"href":"https:\/\/centralmedia.rs\/index.php\/wp-json\/wp\/v2\/posts\/24402\/revisions\/24405"}],"wp:featuredmedia":[{"embeddable":true,"href":"https:\/\/centralmedia.rs\/index.php\/wp-json\/wp\/v2\/media\/24404"}],"wp:attachment":[{"href":"https:\/\/centralmedia.rs\/index.php\/wp-json\/wp\/v2\/media?parent=24402"}],"wp:term":[{"taxonomy":"category","embeddable":true,"href":"https:\/\/centralmedia.rs\/index.php\/wp-json\/wp\/v2\/categories?post=24402"},{"taxonomy":"post_tag","embeddable":true,"href":"https:\/\/centralmedia.rs\/index.php\/wp-json\/wp\/v2\/tags?post=24402"}],"curies":[{"name":"wp","href":"https:\/\/api.w.org\/{rel}","templated":true}]}}