{"id":24412,"date":"2020-06-18T12:59:39","date_gmt":"2020-06-18T12:59:39","guid":{"rendered":"http:\/\/centralmedia.rs\/?p=24412"},"modified":"2020-06-20T21:54:54","modified_gmt":"2020-06-20T21:54:54","slug":"pokret-za-selo-i-grad-briga-o-najugrozenijima","status":"publish","type":"post","link":"https:\/\/centralmedia.rs\/index.php\/2020\/06\/18\/pokret-za-selo-i-grad-briga-o-najugrozenijima\/","title":{"rendered":"POKRET ZA SELO I GRAD- BRIGA O NAJUGRO\u017dENIJIMA"},"content":{"rendered":"<p>PARA\u0106IN- Udru\u017eenje gra\u0111ana &#8220;Pokret za selo i grad&#8221; je od svog osnivanja, a posebno od 2016. godine, pomagalo porodicama koje su u stanju socijalne potrebe na teritoriji op\u0161tine Para\u0107in i radilo na sanaciji i adaptaciji vi\u0161e ku\u0107a. Tako su u protekle 4 godine renovirane ku\u0107e i stan u Para\u0107inu, \u010cepuru, Svojnovu, Davidovcu. U narednim godinama nastavi\u0107emo da brinemo o na\u0161im sugra\u0111anima i da poma\u017eemo porodicama kojima je pomo\u0107 najneophodnija.<\/p>\n<p>Prevashodna misija udru\u017eenja gradjana &#8220;Pokret za selo i grad&#8221; je pomo\u0107 ljudima kako bi svi imali bolje uslove za \u017eivot, dostojne \u010doveka u 21. veku i duboko verujemo da Para\u0107in mo\u017ee biti grad socijalne pravde i jednakosti.<\/p>\n<p>Takodje u predhodnom periodu imali smo \u010dast da budemo deo tima emisije &#8220;S Tamarom u akciji&#8221; i da pomognemo porodicama \u010dije su ku\u0107e renovirane u Stri\u017ei i \u010cepuru.<\/p>\n","protected":false},"excerpt":{"rendered":"<p>PARA\u0106IN- Udru\u017eenje gra\u0111ana &#8220;Pokret za selo i grad&#8221; je od svog osnivanja, a posebno od 2016. godine, pomagalo porodicama koje su u stanju socijalne potrebe &hellip; <\/p>\n","protected":false},"author":2,"featured_media":24413,"comment_status":"open","ping_status":"open","sticky":false,"template":"","format":"standard","meta":{"footnotes":""},"categories":[1524,2,1516,13,887,12],"tags":[156,1559],"_links":{"self":[{"href":"https:\/\/centralmedia.rs\/index.php\/wp-json\/wp\/v2\/posts\/24412"}],"collection":[{"href":"https:\/\/centralmedia.rs\/index.php\/wp-json\/wp\/v2\/posts"}],"about":[{"href":"https:\/\/centralmedia.rs\/index.php\/wp-json\/wp\/v2\/types\/post"}],"author":[{"embeddable":true,"href":"https:\/\/centralmedia.rs\/index.php\/wp-json\/wp\/v2\/users\/2"}],"replies":[{"embeddable":true,"href":"https:\/\/centralmedia.rs\/index.php\/wp-json\/wp\/v2\/comments?post=24412"}],"version-history":[{"count":1,"href":"https:\/\/centralmedia.rs\/index.php\/wp-json\/wp\/v2\/posts\/24412\/revisions"}],"predecessor-version":[{"id":24414,"href":"https:\/\/centralmedia.rs\/index.php\/wp-json\/wp\/v2\/posts\/24412\/revisions\/24414"}],"wp:featuredmedia":[{"embeddable":true,"href":"https:\/\/centralmedia.rs\/index.php\/wp-json\/wp\/v2\/media\/24413"}],"wp:attachment":[{"href":"https:\/\/centralmedia.rs\/index.php\/wp-json\/wp\/v2\/media?parent=24412"}],"wp:term":[{"taxonomy":"category","embeddable":true,"href":"https:\/\/centralmedia.rs\/index.php\/wp-json\/wp\/v2\/categories?post=24412"},{"taxonomy":"post_tag","embeddable":true,"href":"https:\/\/centralmedia.rs\/index.php\/wp-json\/wp\/v2\/tags?post=24412"}],"curies":[{"name":"wp","href":"https:\/\/api.w.org\/{rel}","templated":true}]}}