{"id":2447,"date":"2016-03-20T12:51:38","date_gmt":"2016-03-20T12:51:38","guid":{"rendered":"http:\/\/centralmedia.rs\/?p=2447"},"modified":"2017-01-28T12:39:18","modified_gmt":"2017-01-28T12:39:18","slug":"svilajnacki-pokladski-maskembal","status":"publish","type":"post","link":"https:\/\/centralmedia.rs\/index.php\/2016\/03\/20\/svilajnacki-pokladski-maskembal\/","title":{"rendered":"SVILAJNA\u010cKI POKLADSKI MASKEMBAL"},"content":{"rendered":"<p>SVILAJNAC-Tradicionalni defile pod maskama u Svilajncu odr\u017ean je za prvi dan prole\u0107a, odnosno re\u010d je o manifestaciji odlo\u017eenoj za nedelju dana zbog vanrednih mera. Velika pokladna povorka krenula je iz Parka evropskog prijateljstva i zavr\u0161ila se na Trgu Stevana Sin\u0111eli\u0107a uz pokladnu vatru, poslu\u017eenje, muziku, uli\u010dne zabavlja\u010de i Umetni\u010dko dru\u0161tvo bubnjara amatera UDBA.<a href=\"https:\/\/centralmedia.rs\/wp-content\/uploads\/2016\/03\/mskembal-5-svilajnac-f.b..jpg\" rel=\"attachment wp-att-2449\"><img loading=\"lazy\" decoding=\"async\" class=\"alignnone size-medium wp-image-2449\" src=\"https:\/\/centralmedia.rs\/wp-content\/uploads\/2016\/03\/mskembal-5-svilajnac-f.b.-300x225.jpg\" alt=\"mskembal 5-svilajnac-f.b.\" width=\"300\" height=\"225\" srcset=\"https:\/\/centralmedia.rs\/wp-content\/uploads\/2016\/03\/mskembal-5-svilajnac-f.b.-300x225.jpg 300w, https:\/\/centralmedia.rs\/wp-content\/uploads\/2016\/03\/mskembal-5-svilajnac-f.b.-768x576.jpg 768w, https:\/\/centralmedia.rs\/wp-content\/uploads\/2016\/03\/mskembal-5-svilajnac-f.b.-80x60.jpg 80w, https:\/\/centralmedia.rs\/wp-content\/uploads\/2016\/03\/mskembal-5-svilajnac-f.b.-265x198.jpg 265w, https:\/\/centralmedia.rs\/wp-content\/uploads\/2016\/03\/mskembal-5-svilajnac-f.b..jpg 960w\" sizes=\"(max-width: 300px) 100vw, 300px\" \/><\/a><br \/>\nU Dino-aparku Prirodnja\u010dkog centra Srbije nastupili su Leontina i solisti Lena Stamenkovi\u0107, Mateja Vuka\u0161inovi\u0107 i Igor Lazarevi\u0107. Dan maskenbala je obele\u017een i bespaltnim ulazom u svilajna\u010dki park iz doba jure Prirodnja\u010dki centar Srbije sa Dinom-parkom.<a href=\"https:\/\/centralmedia.rs\/wp-content\/uploads\/2016\/03\/mskembal-2-svilajnac-f.b..jpg\" rel=\"attachment wp-att-2450\"><img loading=\"lazy\" decoding=\"async\" class=\"alignnone size-medium wp-image-2450\" src=\"https:\/\/centralmedia.rs\/wp-content\/uploads\/2016\/03\/mskembal-2-svilajnac-f.b.-300x200.jpg\" alt=\"mskembal 2-svilajnac-f.b.\" width=\"300\" height=\"200\" srcset=\"https:\/\/centralmedia.rs\/wp-content\/uploads\/2016\/03\/mskembal-2-svilajnac-f.b.-300x200.jpg 300w, https:\/\/centralmedia.rs\/wp-content\/uploads\/2016\/03\/mskembal-2-svilajnac-f.b.-768x512.jpg 768w, https:\/\/centralmedia.rs\/wp-content\/uploads\/2016\/03\/mskembal-2-svilajnac-f.b..jpg 960w\" sizes=\"(max-width: 300px) 100vw, 300px\" \/><\/a><\/p>\n","protected":false},"excerpt":{"rendered":"<p>SVILAJNAC-Tradicionalni defile pod maskama u Svilajncu odr\u017ean je za prvi dan prole\u0107a, odnosno re\u010d je o manifestaciji odlo\u017eenoj za nedelju dana zbog vanrednih mera. Velika &hellip; <\/p>\n","protected":false},"author":4,"featured_media":2448,"comment_status":"open","ping_status":"open","sticky":false,"template":"","format":"standard","meta":{"footnotes":""},"categories":[1524,2,23,887,31,1517],"tags":[633,288,38],"_links":{"self":[{"href":"https:\/\/centralmedia.rs\/index.php\/wp-json\/wp\/v2\/posts\/2447"}],"collection":[{"href":"https:\/\/centralmedia.rs\/index.php\/wp-json\/wp\/v2\/posts"}],"about":[{"href":"https:\/\/centralmedia.rs\/index.php\/wp-json\/wp\/v2\/types\/post"}],"author":[{"embeddable":true,"href":"https:\/\/centralmedia.rs\/index.php\/wp-json\/wp\/v2\/users\/4"}],"replies":[{"embeddable":true,"href":"https:\/\/centralmedia.rs\/index.php\/wp-json\/wp\/v2\/comments?post=2447"}],"version-history":[{"count":0,"href":"https:\/\/centralmedia.rs\/index.php\/wp-json\/wp\/v2\/posts\/2447\/revisions"}],"wp:featuredmedia":[{"embeddable":true,"href":"https:\/\/centralmedia.rs\/index.php\/wp-json\/wp\/v2\/media\/2448"}],"wp:attachment":[{"href":"https:\/\/centralmedia.rs\/index.php\/wp-json\/wp\/v2\/media?parent=2447"}],"wp:term":[{"taxonomy":"category","embeddable":true,"href":"https:\/\/centralmedia.rs\/index.php\/wp-json\/wp\/v2\/categories?post=2447"},{"taxonomy":"post_tag","embeddable":true,"href":"https:\/\/centralmedia.rs\/index.php\/wp-json\/wp\/v2\/tags?post=2447"}],"curies":[{"name":"wp","href":"https:\/\/api.w.org\/{rel}","templated":true}]}}