{"id":24473,"date":"2020-06-20T21:02:00","date_gmt":"2020-06-20T21:02:00","guid":{"rendered":"http:\/\/centralmedia.rs\/?p=24473"},"modified":"2020-06-22T00:23:02","modified_gmt":"2020-06-22T00:23:02","slug":"nyt-vucic-i-taci-sklopili-tajni-dogovor-grenel-posreduje","status":"publish","type":"post","link":"https:\/\/centralmedia.rs\/index.php\/2020\/06\/20\/nyt-vucic-i-taci-sklopili-tajni-dogovor-grenel-posreduje\/","title":{"rendered":"NYT: Vu\u010di\u0107 i Ta\u010di sklopili tajni dogovor, Grenel posreduje"},"content":{"rendered":"<p>Aleksandar Vu\u010di\u0107 i Ha\u0161im Ta\u010di sklopili su tajni dogovor izme\u0111u Srbije i Kosova, iza le\u0111a EU, a uz posredovanje specijalnog izaslanika SAD Ri\u010darda Grenela, pi\u0161e &#8220;Njujork tajms&#8221; pozivaju\u0107i se na ameri\u010dke zvani\u010dnike.<\/p>\n<p>U op\u0161irnoj analizi o odnosima izme\u0111u Beograda i Pri\u0161tine i Grenelovoj ulozi u pregovorima izme\u0111u dve strane, ameri\u010dki list, izme\u0111u ostalog, navodi i da je sastanak Vu\u010di\u0107a i Ta\u010dija u Beloj ku\u0107i u Va\u0161ingtonu, koji je najavljen za slede\u0107u nedelju, tako\u0111e ugovoren bez znanja Brisela.<\/p>\n<p>Pristalice Grenelovog pristupa pregovorima Srbije i Kosova smatraju da tajni dogovor Ta\u010dija i Vu\u010di\u0107a opravdava novu ameri\u010dku strategiju, navodi njujor\u0161ki list. \u201cIako su njihove funkcije samo nominalne, dvojica predsednika imaju uticaj koji daleko prevazilazi njihova ustavna ovla\u0161\u0107enja\u201d,\u00a0pi\u0161e \u201cNjujork tajms\u201d.<\/p>\n<p>Pozivaju\u0107i se na re\u010di \u010detvoro biv\u0161ih ameri\u010dkih zvani\u010dnika koji su citirali osobe uklju\u010dene u pregovore, \u201cNjujork tajms\u201d pi\u0161e da su Vu\u010di\u0107 i Ta\u010di napravili tajni dogovor o uslovima budu\u0107eg sporazuma, uklju\u010duju\u0107i i ideju o menjanju granica Kosova.<\/p>\n<p>U op\u0161irnoj analizi o odnosima izme\u0111u Beograda i Pri\u0161tine i Grenelovoj ulozi u pregovorima izme\u0111u dve strane, ameri\u010dki list, izme\u0111u ostalog, navodi i da je sastanak Vu\u010di\u0107a i Ta\u010dija u Beloj ku\u0107i u Va\u0161ingtonu, koji je najavljen za slede\u0107u nedelju, tako\u0111e ugovoren bez znanja Brisela.<\/p>\n<p>Pristalice Grenelovog pristupa pregovorima Srbije i Kosova smatraju da tajni dogovor Ta\u010dija i Vu\u010di\u0107a opravdava novu ameri\u010dku strategiju, navodi njujor\u0161ki list. \u201cIako su njihove funkcije samo nominalne, dvojica predsednika imaju uticaj koji daleko prevazilazi njihova ustavna ovla\u0161\u0107enja\u201d,\u00a0<a href=\"https:\/\/www.nytimes.com\/2020\/06\/20\/world\/europe\/serbia-kosovo-peace-elections.html?auth=login-email&amp;login=email\"><strong>pi\u0161e \u201cNjujork tajms\u201d<\/strong><\/a>.<\/p>\n<p>Pozivaju\u0107i se na re\u010di \u010detvoro biv\u0161ih ameri\u010dkih zvani\u010dnika koji su citirali osobe uklju\u010dene u pregovore, \u201cNjujork tajms\u201d pi\u0161e da su Vu\u010di\u0107 i Ta\u010di napravili tajni dogovor o uslovima budu\u0107eg sporazuma, uklju\u010duju\u0107i i ideju o menjanju granica Kosova.<\/p>\n<p>List dalje navodi da kriti\u010dari predstoje\u0107eg sastanka u Beloj ku\u0107i smatraju da se na taj na\u010din nagra\u0111uju dvojica lidera koji su optu\u017eeni za slabljenje demokratskih institucija u svojim dr\u017eavama i da takva strategija jednostavno ne mo\u017ee da funkcioni\u0161e.<\/p>\n<p><a href=\"https:\/\/www.nytimes.com\/2020\/06\/20\/world\/europe\/serbia-kosovo-peace-elections.html?auth=login-email&amp;login=email\"><strong>\u201cNjujork tajms\u201d<\/strong><\/a>\u00a0navodi da je Trampova administracija napustila raniju ameri\u010dku politiku prema Kosovu i pre nego \u0161to je Grenel stupio na du\u017enost. U leto 2018, ameri\u010dki zvani\u010dnici izrazili su otvorenost prema sve\u017eim re\u0161enjima za sukob Srbije i Kosova, uklju\u010duju\u0107i i promenu granica.<\/p>\n<p>To je dovelo do neslaganja sa Evropskom unijom, koja su samo eskalirala kada je za posrednika imenovan Ri\u010dard Grenel. On je pregovore preoteo od EU i organizovao je samite i konferencije bez ikakvog u\u010de\u0161\u0107a Unije.<\/p>\n<p>&nbsp;<\/p>\n<p>&nbsp;<\/p>\n<p>List dalje navodi da kriti\u010dari predstoje\u0107eg sastanka u Beloj ku\u0107i smatraju da se na taj na\u010din nagra\u0111uju dvojica lidera koji su optu\u017eeni za slabljenje demokratskih institucija u svojim dr\u017eavama i da takva strategija jednostavno ne mo\u017ee da funkcioni\u0161e.<\/p>\n<p>\u201cNjujork tajms\u201d\u00a0navodi da je Trampova administracija napustila raniju ameri\u010dku politiku prema Kosovu i pre nego \u0161to je Grenel stupio na du\u017enost. U leto 2018, ameri\u010dki zvani\u010dnici izrazili su otvorenost prema sve\u017eim re\u0161enjima za sukob Srbije i Kosova, uklju\u010duju\u0107i i promenu granica.<\/p>\n<p>To je dovelo do neslaganja sa Evropskom unijom, koja su samo eskalirala kada je za posrednika imenovan Ri\u010dard Grenel. On je pregovore preoteo od EU i organizovao je samite i konferencije bez ikakvog u\u010de\u0161\u0107a Unije.<\/p>\n<p>&nbsp;<\/p>\n<p>&nbsp;<\/p>\n","protected":false},"excerpt":{"rendered":"<p>Aleksandar Vu\u010di\u0107 i Ha\u0161im Ta\u010di sklopili su tajni dogovor izme\u0111u Srbije i Kosova, iza le\u0111a EU, a uz posredovanje specijalnog izaslanika SAD Ri\u010darda Grenela, pi\u0161e &hellip; <\/p>\n","protected":false},"author":2,"featured_media":24474,"comment_status":"open","ping_status":"open","sticky":false,"template":"","format":"standard","meta":{"footnotes":""},"categories":[2,13,12],"tags":[4722,3498,63],"_links":{"self":[{"href":"https:\/\/centralmedia.rs\/index.php\/wp-json\/wp\/v2\/posts\/24473"}],"collection":[{"href":"https:\/\/centralmedia.rs\/index.php\/wp-json\/wp\/v2\/posts"}],"about":[{"href":"https:\/\/centralmedia.rs\/index.php\/wp-json\/wp\/v2\/types\/post"}],"author":[{"embeddable":true,"href":"https:\/\/centralmedia.rs\/index.php\/wp-json\/wp\/v2\/users\/2"}],"replies":[{"embeddable":true,"href":"https:\/\/centralmedia.rs\/index.php\/wp-json\/wp\/v2\/comments?post=24473"}],"version-history":[{"count":1,"href":"https:\/\/centralmedia.rs\/index.php\/wp-json\/wp\/v2\/posts\/24473\/revisions"}],"predecessor-version":[{"id":24475,"href":"https:\/\/centralmedia.rs\/index.php\/wp-json\/wp\/v2\/posts\/24473\/revisions\/24475"}],"wp:featuredmedia":[{"embeddable":true,"href":"https:\/\/centralmedia.rs\/index.php\/wp-json\/wp\/v2\/media\/24474"}],"wp:attachment":[{"href":"https:\/\/centralmedia.rs\/index.php\/wp-json\/wp\/v2\/media?parent=24473"}],"wp:term":[{"taxonomy":"category","embeddable":true,"href":"https:\/\/centralmedia.rs\/index.php\/wp-json\/wp\/v2\/categories?post=24473"},{"taxonomy":"post_tag","embeddable":true,"href":"https:\/\/centralmedia.rs\/index.php\/wp-json\/wp\/v2\/tags?post=24473"}],"curies":[{"name":"wp","href":"https:\/\/api.w.org\/{rel}","templated":true}]}}