{"id":24480,"date":"2020-06-20T21:42:20","date_gmt":"2020-06-20T21:42:20","guid":{"rendered":"http:\/\/centralmedia.rs\/?p=24480"},"modified":"2020-06-28T18:49:13","modified_gmt":"2020-06-28T18:49:13","slug":"naglo-povecanje-broja-zarazenih-od-korona-i-ponovo-uvodenje-vanrednih-mera","status":"publish","type":"post","link":"https:\/\/centralmedia.rs\/index.php\/2020\/06\/20\/naglo-povecanje-broja-zarazenih-od-korona-i-ponovo-uvodenje-vanrednih-mera\/","title":{"rendered":"NAGLO POVE\u0106ANJE BROJA ZARA\u017dENIH OD KORONE U SRBIJI, NAVODI NA MOGU\u0106E VRA\u0106ANJE VANREDNIH MERA"},"content":{"rendered":"<p>Imunolog iz De\u010dje klinike u Tir\u0161ovoj Sr\u0111a Jankovi\u0107 da je ponovno uvo\u0111enje policijskog \u010dasa ekstremno malo verovatno, ali da selektivne mere i odre\u0111ene vrste obaveza koje bi bile sprovo\u0111enje i zakonski \u2013 nisu isklju\u010dene.<\/p>\n<p>Direktorka Instituta za javno zdravlje &#8220;Dr Milan Jovanovi\u0107 Batut&#8221; Verica Jovanovi\u0107 izjavila je da sve preporuke za pona\u0161anje usled opasnosti od koronavirusa va\u017ee i za predstoje\u0107e izbore.<\/p>\n<p>Ona je navela da to podrazumeva odr\u017eavanje distance sa drugim ljudima od jednog metra, zadr\u017eavanje na bira\u010dkom mestu ne du\u017ee od 15 minuta, kao i kori\u0161\u0107enje za\u0161titnih sredstava poput maski, rukavica i dezinficijenasa.<\/p>\n<p>Predsednik Sindikata lekara i farmaceuta Rade Pani\u0107 smatra da se podaci o broju zara\u017eenih koronavirusom i dalje kriju od gra\u0111ana Srbije.<\/p>\n<p>On isti\u010de da javnost nije upu\u0107ena u ono sto se zaista de\u0161ava i da smo opet bez re\u0161enja i odluka.<\/p>\n<p>\u201cMislim da je situacija mnogo lo\u0161ija nego sto nam se predstavlja, opet nema za\u0161titne opreme. Nema ni hirur\u0161kuh rukavica, pa se odla\u017eu operacije\u201d, upozorava Pani\u0107.<\/p>\n<p>Kaze da je gotovo siguran u to da nakon izbora slede vanredne mere.<\/p>\n<p>\u201cOd Kriznog \u0161taba se sva\u0161ta moze o\u010dekivati, danas jedno, sutra drugo. Verujem da \u0107e biti i zabrane skupova, verovatno i policijski \u010das u nekom obimu. U nedostatku opreme i kadra, morate spre\u010diti \u0161irenje infekcije, a mislim da se zbog de\u0161avanja 21. juna sve zna\u010dajno opustilo i sve mere ne\u0107e biti donete na vreme\u201d, upozorava Pani\u0107.<\/p>\n<p>Govore\u0107i o odnosu prema zdravstvenim radnicima, on tvrdi da nije bilo trajnog pove\u0107anja plata, ve\u0107 stimulacija od 10 posto i to na jedan mesec.<\/p>\n<p>&nbsp;<\/p>\n<p>&nbsp;<\/p>\n","protected":false},"excerpt":{"rendered":"<p>Imunolog iz De\u010dje klinike u Tir\u0161ovoj Sr\u0111a Jankovi\u0107 da je ponovno uvo\u0111enje policijskog \u010dasa ekstremno malo verovatno, ali da selektivne mere i odre\u0111ene vrste obaveza &hellip; <\/p>\n","protected":false},"author":2,"featured_media":23046,"comment_status":"open","ping_status":"open","sticky":false,"template":"","format":"standard","meta":{"footnotes":""},"categories":[28,2,12],"tags":[643,4440,613],"_links":{"self":[{"href":"https:\/\/centralmedia.rs\/index.php\/wp-json\/wp\/v2\/posts\/24480"}],"collection":[{"href":"https:\/\/centralmedia.rs\/index.php\/wp-json\/wp\/v2\/posts"}],"about":[{"href":"https:\/\/centralmedia.rs\/index.php\/wp-json\/wp\/v2\/types\/post"}],"author":[{"embeddable":true,"href":"https:\/\/centralmedia.rs\/index.php\/wp-json\/wp\/v2\/users\/2"}],"replies":[{"embeddable":true,"href":"https:\/\/centralmedia.rs\/index.php\/wp-json\/wp\/v2\/comments?post=24480"}],"version-history":[{"count":3,"href":"https:\/\/centralmedia.rs\/index.php\/wp-json\/wp\/v2\/posts\/24480\/revisions"}],"predecessor-version":[{"id":24483,"href":"https:\/\/centralmedia.rs\/index.php\/wp-json\/wp\/v2\/posts\/24480\/revisions\/24483"}],"wp:featuredmedia":[{"embeddable":true,"href":"https:\/\/centralmedia.rs\/index.php\/wp-json\/wp\/v2\/media\/23046"}],"wp:attachment":[{"href":"https:\/\/centralmedia.rs\/index.php\/wp-json\/wp\/v2\/media?parent=24480"}],"wp:term":[{"taxonomy":"category","embeddable":true,"href":"https:\/\/centralmedia.rs\/index.php\/wp-json\/wp\/v2\/categories?post=24480"},{"taxonomy":"post_tag","embeddable":true,"href":"https:\/\/centralmedia.rs\/index.php\/wp-json\/wp\/v2\/tags?post=24480"}],"curies":[{"name":"wp","href":"https:\/\/api.w.org\/{rel}","templated":true}]}}