{"id":24493,"date":"2020-06-21T11:53:08","date_gmt":"2020-06-21T11:53:08","guid":{"rendered":"http:\/\/centralmedia.rs\/?p=24493"},"modified":"2020-06-22T00:23:20","modified_gmt":"2020-06-22T00:23:20","slug":"izbori-u-pomoravlju-dzipovi-u-svilajncu-paunovic-i-palma-glasali","status":"publish","type":"post","link":"https:\/\/centralmedia.rs\/index.php\/2020\/06\/21\/izbori-u-pomoravlju-dzipovi-u-svilajncu-paunovic-i-palma-glasali\/","title":{"rendered":"IZBORI U POMORAVLJU &#8211; D\u017dIPOVI U SVILAJNCU, PAUNOVI\u0106 I PALMA GLASALI"},"content":{"rendered":"<p>Izlaznost u pomoravskim gradovima do 13 sati je oko 20 odsto, \u0161to govori da \u0107e krajnji rezultat biti oko 50 odsto, jer je u poslednjim satima izlaznost 5 odsto na sat. Aktuelni predsednik op\u0161tine Para\u0107in\u00a0 Sa\u0161a Paunovi\u0107\u00a0 glasao je danas sa svojom porodicom. Predsednik Skup\u0161tine grada Jagodina Dragan Markovi\u0107 Palma glasao je u rodnom Kon\u010darevu kraj Jagodine. On je na bira\u010dko mesto do\u0161ao sa suprugom, sinovima, snajama i majkom.<\/p>\n<div id='gallery-1' class='gallery galleryid-24493 gallery-columns-4 gallery-size-thumbnail'><figure class='gallery-item'>\n\t\t\t<div class='gallery-icon landscape'>\n\t\t\t\t<a href='https:\/\/centralmedia.rs\/index.php\/2020\/06\/21\/izbori-u-pomoravlju-dzipovi-u-svilajncu-paunovic-i-palma-glasali\/svilajnac-7\/'><img loading=\"lazy\" decoding=\"async\" width=\"150\" height=\"150\" src=\"https:\/\/centralmedia.rs\/wp-content\/uploads\/2020\/06\/svilajnac-150x150.jpg\" class=\"attachment-thumbnail size-thumbnail\" alt=\"\" \/><\/a>\n\t\t\t<\/div><\/figure><figure class='gallery-item'>\n\t\t\t<div class='gallery-icon landscape'>\n\t\t\t\t<a href='https:\/\/centralmedia.rs\/index.php\/2020\/06\/21\/izbori-u-pomoravlju-dzipovi-u-svilajncu-paunovic-i-palma-glasali\/paunovic-9\/'><img loading=\"lazy\" decoding=\"async\" width=\"150\" height=\"150\" src=\"https:\/\/centralmedia.rs\/wp-content\/uploads\/2020\/06\/paunovic-150x150.jpg\" class=\"attachment-thumbnail size-thumbnail\" alt=\"\" \/><\/a>\n\t\t\t<\/div><\/figure><figure class='gallery-item'>\n\t\t\t<div class='gallery-icon landscape'>\n\t\t\t\t<a href='https:\/\/centralmedia.rs\/index.php\/2020\/06\/21\/izbori-u-pomoravlju-dzipovi-u-svilajncu-paunovic-i-palma-glasali\/palma-22\/'><img loading=\"lazy\" decoding=\"async\" width=\"150\" height=\"150\" src=\"https:\/\/centralmedia.rs\/wp-content\/uploads\/2020\/06\/palma-150x150.jpg\" class=\"attachment-thumbnail size-thumbnail\" alt=\"\" \/><\/a>\n\t\t\t<\/div><\/figure><figure class='gallery-item'>\n\t\t\t<div class='gallery-icon landscape'>\n\t\t\t\t<a href='https:\/\/centralmedia.rs\/index.php\/2020\/06\/21\/izbori-u-pomoravlju-dzipovi-u-svilajncu-paunovic-i-palma-glasali\/svilajnac-1024x511\/'><img loading=\"lazy\" decoding=\"async\" width=\"150\" height=\"150\" src=\"https:\/\/centralmedia.rs\/wp-content\/uploads\/2020\/06\/sVILAJNAC-1024x511-150x150.jpeg\" class=\"attachment-thumbnail size-thumbnail\" alt=\"\" \/><\/a>\n\t\t\t<\/div><\/figure>\n\t\t<\/div>\n\n<p>Na birac\u030ckom mestu Roanda u ops\u030ctini Svilajnac dos\u030clo je do incidenta negde oko 11 sati. Kako je izjavio Predrag Milanovic\u0301, predsednik ops\u030ctine Svilajnac, c\u030cetvorica mus\u030ckaraca pokus\u030cala su da u\u0111u na to glasac\u030cko mesto, traz\u030cec\u0301i da prekontrolis\u030cu birac\u030cki spisak.<\/p>\n<p>\u2013 U selu Roanda se pojavio crni dz\u030cip sa Bg tablama. Iz njega su izas\u030cla c\u030cetvorica mus\u030ckaraca i pokus\u030cali su da u\u0111u na birac\u030cko mesto. Uz obrazloz\u030cenje da z\u030cele da pregledaju birac\u030cki spisak \u2013 kaz\u030ce Milanovic\u0301.<\/p>\n<p>Prema njegovim rec\u030cima, predsednik izborne komisije u selu Roanda im je zabranio i pozvao policiju.<\/p>\n<p>\u2013 Pre nego s\u030cto je stigla policija, oni su otis\u030cli. Jutros su vec\u0301 pokus\u030cali da u\u0111u na jos\u030c jedno mesto, a ne znac\u030ci da nec\u0301e pokus\u030cati opet u toku dana. Njihovi automobili su parkirani u Svilajncu u blizini jednog restorana. A cilj im je klasic\u030cno zastras\u030civanje birac\u030ca \u2013 rekao je Milanovic\u0301.<\/p>\n","protected":false},"excerpt":{"rendered":"<p>Izlaznost u pomoravskim gradovima do 13 sati je oko 20 odsto, \u0161to govori da \u0107e krajnji rezultat biti oko 50 odsto, jer je u poslednjim &hellip; <\/p>\n","protected":false},"author":2,"featured_media":24494,"comment_status":"open","ping_status":"open","sticky":false,"template":"","format":"standard","meta":{"footnotes":""},"categories":[1524,2,1514,1516,13,887,12,1517],"tags":[4724,747,643,120,333,38],"_links":{"self":[{"href":"https:\/\/centralmedia.rs\/index.php\/wp-json\/wp\/v2\/posts\/24493"}],"collection":[{"href":"https:\/\/centralmedia.rs\/index.php\/wp-json\/wp\/v2\/posts"}],"about":[{"href":"https:\/\/centralmedia.rs\/index.php\/wp-json\/wp\/v2\/types\/post"}],"author":[{"embeddable":true,"href":"https:\/\/centralmedia.rs\/index.php\/wp-json\/wp\/v2\/users\/2"}],"replies":[{"embeddable":true,"href":"https:\/\/centralmedia.rs\/index.php\/wp-json\/wp\/v2\/comments?post=24493"}],"version-history":[{"count":2,"href":"https:\/\/centralmedia.rs\/index.php\/wp-json\/wp\/v2\/posts\/24493\/revisions"}],"predecessor-version":[{"id":24499,"href":"https:\/\/centralmedia.rs\/index.php\/wp-json\/wp\/v2\/posts\/24493\/revisions\/24499"}],"wp:featuredmedia":[{"embeddable":true,"href":"https:\/\/centralmedia.rs\/index.php\/wp-json\/wp\/v2\/media\/24494"}],"wp:attachment":[{"href":"https:\/\/centralmedia.rs\/index.php\/wp-json\/wp\/v2\/media?parent=24493"}],"wp:term":[{"taxonomy":"category","embeddable":true,"href":"https:\/\/centralmedia.rs\/index.php\/wp-json\/wp\/v2\/categories?post=24493"},{"taxonomy":"post_tag","embeddable":true,"href":"https:\/\/centralmedia.rs\/index.php\/wp-json\/wp\/v2\/tags?post=24493"}],"curies":[{"name":"wp","href":"https:\/\/api.w.org\/{rel}","templated":true}]}}