{"id":24557,"date":"2020-06-26T23:06:39","date_gmt":"2020-06-26T23:06:39","guid":{"rendered":"http:\/\/centralmedia.rs\/?p=24557"},"modified":"2020-06-28T18:47:45","modified_gmt":"2020-06-28T18:47:45","slug":"posle-regulacije-u-gradskom-podrucju-crnica-vise-ne-preti-paracinu","status":"publish","type":"post","link":"https:\/\/centralmedia.rs\/index.php\/2020\/06\/26\/posle-regulacije-u-gradskom-podrucju-crnica-vise-ne-preti-paracinu\/","title":{"rendered":"POSLE REGULACIJE U GRADSKOM PODRU\u010cJU &#8211; CRNICA VI\u0160E NE PRETI PARA\u0106INU"},"content":{"rendered":"<p>PARA\u0106IN- Projekat \u201eZa\u0161tita Para\u0107ina od velikih voda reke Crnice\u201c, koji je finansirala Evropska unija sa 4 miliona evra,\u00a0 dao rezultate, rekao je koordinator projekta ispred SO Para\u0107inu Milo\u0161 Tomi\u0107. O\u010dekuje se ralizacija izgradje sedam novih mostova koji Vlada \u0160vajcarske podr\u017eava sa rpeko 3 miliona \u0161vajcarskih franaka.<\/p>\n<p>-U ovom momentu mo\u017ee da pro\u0111e duplo ve\u0107a koli\u010dina vode jer je napravljena dodatna za\u0161tita, ubrzan tok reke Crnice, vi\u0161e nema prepreka za protok vode, dodao je Tomi\u0107.<\/p>\n<p>Radovi su po\u010deli avgusta 2017.godine a zavr\u0161eni ove godine. Obavljena je regulacija Crnice u du\u017eini od 10 km, pro\u0161ireno je korito u zoni mostova, napravljeni su\u00a0 nasipi i betonski za\u0161titni zidovi u du\u017eini od \u010detiri kilometra, a nabavljena je i mobilna oprema za za\u0161titu od poplava za centar grada.<\/p>\n<p>Da bi se pove\u0107ao stepen za\u0161tite, projekat \u0107e biti nastavljen.<\/p>\n<p>-O\u010dekujemo da se sredinom slede\u0107eg meseca potpi\u0161e ugovor za nastavak projekta za\u0161tite od poplava \u010dime \u0107emo dobili nova sredstva i \u010dime \u0107emo unaprediti sistem koji smo ve\u0107 prakti\u010dno zavr\u0161ili. Vrednost tog novog projekta bi\u0107e oko 500.000 evra, precizirao je Tomi\u0107 i dodao da \u0107e biti izgra\u0111ene \u010detiri nove buji\u010dne pregrade u gornjem slivu Crnice \u010dime \u0107e se smanjiti nanosi koje donose buji\u010dni potoci i pove\u0107ati proto\u010dna mo\u0107.<\/p>\n<p>Para\u0107in su 2014.godine pogodile katastrofalne poplave kada se Crnica izlila i potpuno potopila oko 1.200 doma\u0107instva, a \u0161teta u celoj op\u0161tini je procenjena na oko 2,4 milijarde dinara.<\/p>\n<p>&nbsp;<\/p>\n<p>&nbsp;<\/p>\n","protected":false},"excerpt":{"rendered":"<p>PARA\u0106IN- Projekat \u201eZa\u0161tita Para\u0107ina od velikih voda reke Crnice\u201c, koji je finansirala Evropska unija sa 4 miliona evra,\u00a0 dao rezultate, rekao je koordinator projekta ispred &hellip; <\/p>\n","protected":false},"author":2,"featured_media":24558,"comment_status":"open","ping_status":"open","sticky":false,"template":"","format":"standard","meta":{"footnotes":""},"categories":[14,1524,2,1516,887,12],"tags":[1551,156,517,4731],"_links":{"self":[{"href":"https:\/\/centralmedia.rs\/index.php\/wp-json\/wp\/v2\/posts\/24557"}],"collection":[{"href":"https:\/\/centralmedia.rs\/index.php\/wp-json\/wp\/v2\/posts"}],"about":[{"href":"https:\/\/centralmedia.rs\/index.php\/wp-json\/wp\/v2\/types\/post"}],"author":[{"embeddable":true,"href":"https:\/\/centralmedia.rs\/index.php\/wp-json\/wp\/v2\/users\/2"}],"replies":[{"embeddable":true,"href":"https:\/\/centralmedia.rs\/index.php\/wp-json\/wp\/v2\/comments?post=24557"}],"version-history":[{"count":1,"href":"https:\/\/centralmedia.rs\/index.php\/wp-json\/wp\/v2\/posts\/24557\/revisions"}],"predecessor-version":[{"id":24559,"href":"https:\/\/centralmedia.rs\/index.php\/wp-json\/wp\/v2\/posts\/24557\/revisions\/24559"}],"wp:featuredmedia":[{"embeddable":true,"href":"https:\/\/centralmedia.rs\/index.php\/wp-json\/wp\/v2\/media\/24558"}],"wp:attachment":[{"href":"https:\/\/centralmedia.rs\/index.php\/wp-json\/wp\/v2\/media?parent=24557"}],"wp:term":[{"taxonomy":"category","embeddable":true,"href":"https:\/\/centralmedia.rs\/index.php\/wp-json\/wp\/v2\/categories?post=24557"},{"taxonomy":"post_tag","embeddable":true,"href":"https:\/\/centralmedia.rs\/index.php\/wp-json\/wp\/v2\/tags?post=24557"}],"curies":[{"name":"wp","href":"https:\/\/api.w.org\/{rel}","templated":true}]}}