{"id":2458,"date":"2016-03-20T20:43:21","date_gmt":"2016-03-20T20:43:21","guid":{"rendered":"http:\/\/centralmedia.rs\/?p=2458"},"modified":"2016-03-20T20:43:21","modified_gmt":"2016-03-20T20:43:21","slug":"posle-desetak-godina-od-obecanja-jagodina-gradi-pozoriste","status":"publish","type":"post","link":"https:\/\/centralmedia.rs\/index.php\/2016\/03\/20\/posle-desetak-godina-od-obecanja-jagodina-gradi-pozoriste\/","title":{"rendered":"POSLE DESETAK GODINA OD OBE\u0106ANJA &#8211; JAGODINA GRADI POZORI\u0160TE"},"content":{"rendered":"<p>JAGODINA-Posle desetak godina od najave predsednika Skup\u0161tine grada Jagodina Dragana Markovi\u0107a Palme, taj grad za nekoliko dana raspisa\u0107e tender za izgradnju nove zgrade pozori\u0161ta, potvr\u0111eno  je ve\u010deras na otvaranju 45. Dana komedije.<br \/>\n\t-Ovih dana bi\u0107e raspisan tender ta izgradnju nove pozori\u0161ne zgrade u Jagodini,  izjavio je  umetni\u010dki direktor tog festivala Dobrica Mili\u0107evi\u0107 i dodao  ,,to proverena vest i da nije predizborna kampanja, budite sigurni u to\u201d. Ina\u010de, Jagodina se ina\u010de hvali podatkom da je u proteklom periodu obnovila u ,,90 odsto  od 52 sela, domove kulture i opremila svim neophdonim sadr\u017eajima\u201d.<br \/>\n-Da li je na\u0161 festival posle gotovo pola veka ostavio neke tragove u \u017eivotu Jagodine?, zapitao se Mili\u0107evi\u0107 i odgovorio da je festival ostavio dubok trag i da je taj grad ,,dobio brojnu,divnu i fantasti\u010dnu publiku\u201d.<figure id=\"attachment_2460\" aria-describedby=\"caption-attachment-2460\" style=\"width: 300px\" class=\"wp-caption alignnone\"><a href=\"https:\/\/centralmedia.rs\/wp-content\/uploads\/2016\/03\/dobrica-milicevic-jagodina-g.j..jpg\" rel=\"attachment wp-att-2460\"><img loading=\"lazy\" decoding=\"async\" src=\"https:\/\/centralmedia.rs\/wp-content\/uploads\/2016\/03\/dobrica-milicevic-jagodina-g.j.-300x225.jpg\" alt=\"Dobrica Mili\u0107evi\u0107, umetni\u010dki direktor Dana komedije \" width=\"300\" height=\"225\" class=\"size-medium wp-image-2460\" srcset=\"https:\/\/centralmedia.rs\/wp-content\/uploads\/2016\/03\/dobrica-milicevic-jagodina-g.j.-300x225.jpg 300w, https:\/\/centralmedia.rs\/wp-content\/uploads\/2016\/03\/dobrica-milicevic-jagodina-g.j.-768x576.jpg 768w, https:\/\/centralmedia.rs\/wp-content\/uploads\/2016\/03\/dobrica-milicevic-jagodina-g.j.-80x60.jpg 80w, https:\/\/centralmedia.rs\/wp-content\/uploads\/2016\/03\/dobrica-milicevic-jagodina-g.j.-265x198.jpg 265w, https:\/\/centralmedia.rs\/wp-content\/uploads\/2016\/03\/dobrica-milicevic-jagodina-g.j..jpg 900w\" sizes=\"(max-width: 300px) 100vw, 300px\" \/><\/a><figcaption id=\"caption-attachment-2460\" class=\"wp-caption-text\">Dobrica Mili\u0107evi\u0107, umetni\u010dki direktor Dana komedije<\/figcaption><\/figure><br \/>\n-Nema pozori\u0161ne akademije bez Jagodinaca, nema profesionalnog pozori\u0161ta u kome ne igra neko od Jagodinaca, u tome  vidim tragove festivala. Mira Banjac me pitala za\u0161to Jagodina nema profesionalno pozori\u0161te, odgovorio sam da je imala pre 60 i vi\u0161e godina, ali i da \u0107emo ponovo formirati pozori\u0161te, istakao je na kraju Mili\u0107evi\u0107.<br \/>\nNa otvaranju festivala igrana je predstava &#8220;Rodoljupci&#8221; Jovana Sterije Popovi\u0107a, u re\u017eiji Andra\u0161a Urbana, Narodnog pozori\u0161ta u Beogradu.<br \/>\nGlumac Ivan Bekjarev dobitnik je nagrade za \u017eivotno delo &#8220;Zlatni \u0107uran&#8221;, koja \u0107e mu biti uru\u010dena na zatvaranju festivala 27. marta.<br \/>\n     Festival traje do 27. marta i bi\u0107e prikazano sedam predstava pozori\u0161nih ansambala iz Beograda, U\u017eica, Kragujevca, Zrenjanina i Kikinde.<br \/>\nU takmi\u010darskom programu publika \u0107e videti i komade &#8220;Prs&#8217;o&#8221; Remi de Voa, u re\u017eiji Olje \u0110or\u0111evi\u0107 Narodnog pozori\u0161ta &#8220;To\u0161a Jovanovi\u0107&#8221; iz Zrenjanina i &#8220;Kidaj iz moje kuhinje&#8221; Reja i Majkla Kunija, u re\u017eiji Andree Lazi\u0107 i izvodjenju \u0160aba\u010dkog pozori\u0161ta.Za nagradu festivala takmi\u010di\u0107e se i predstave JDP-a &#8220;Razbijeni kr\u010dag&#8221; reditelja Igora Vuka Torbice i &#8220;Klaustrofobi\u010dna komedija&#8221; Du\u0161ana Kova\u010devi\u0107a u re\u017eiji Darka Baji\u0107a, Zvezdara teatra iz Beograda.Na zatvaranju, 27. marta nastupi\u0107e glumci Dadova sa predstavom &#8220;Rucante&#8221; u re\u017eiji Slavenka Saletovi\u0107a.<br \/>\n<a href=\"https:\/\/centralmedia.rs\/wp-content\/uploads\/2016\/03\/sa-otavranja-dana-koemdije-jagodina-g.j..jpg\" rel=\"attachment wp-att-2461\"><img loading=\"lazy\" decoding=\"async\" src=\"https:\/\/centralmedia.rs\/wp-content\/uploads\/2016\/03\/sa-otavranja-dana-koemdije-jagodina-g.j.-300x201.jpg\" alt=\"sa otavranja dana koemdije-jagodina-g.j.\" width=\"300\" height=\"201\" class=\"alignnone size-medium wp-image-2461\" srcset=\"https:\/\/centralmedia.rs\/wp-content\/uploads\/2016\/03\/sa-otavranja-dana-koemdije-jagodina-g.j.-300x201.jpg 300w, https:\/\/centralmedia.rs\/wp-content\/uploads\/2016\/03\/sa-otavranja-dana-koemdije-jagodina-g.j.-768x515.jpg 768w, https:\/\/centralmedia.rs\/wp-content\/uploads\/2016\/03\/sa-otavranja-dana-koemdije-jagodina-g.j..jpg 900w\" sizes=\"(max-width: 300px) 100vw, 300px\" \/><\/a><br \/>\nPredsednik \u017eirija je teatrolog Ra\u0161ko Jovanovi\u0107, a \u010dlanovi glumica Branka Puji\u0107 i knji\u017eevnik \u017divorad Djordjevi\u0107 iz Jagodine, kao predstavnik grada doma\u0107ina.<br \/>\n\u017diri \u0107e odlu\u010divati o najboljoj predstavi koja \u0107e dobiti nagradu &#8220;Mija Aleksi\u0107&#8221;, o najboljim gluma\u010dkim ostvarenjima i najboljoj re\u017eiji kojima \u0107e pripasti statueta \u0106uran.\u017diri \u0107e dodeliti i nagrade za najbolje mlade glumce, najbolju epizodnu ulogu, najbolju kostimografiju i scenografiju. Najsme\u0161nija predstava po oceni publike dobi\u0107e nagradu &#8220;Miodrag Petrovi\u0107 \u010ckalja&#8221; i statuetu &#8220;Jovan\u010da Mici\u0107&#8221;.<\/p>\n<p>Pre formalnog otvaranja festivala u foajeu Kulturnog centra otvorena je izlo\u017eba &#8220;Putuju\u0107a pozori\u0161ta u Srbiju od druge polovine 19. veka do 1941, godine&#8221;, u organizaciji Pozori\u0161nog muzeja Srbije.<\/p>\n","protected":false},"excerpt":{"rendered":"<p>JAGODINA-Posle desetak godina od najave predsednika Skup\u0161tine grada Jagodina Dragana Markovi\u0107a Palme, taj grad za nekoliko dana raspisa\u0107e tender za izgradnju nove zgrade pozori\u0161ta, potvr\u0111eno &hellip; <\/p>\n","protected":false},"author":4,"featured_media":2459,"comment_status":"open","ping_status":"open","sticky":false,"template":"","format":"standard","meta":{"footnotes":""},"categories":[2,15,12],"tags":[506,58,635],"_links":{"self":[{"href":"https:\/\/centralmedia.rs\/index.php\/wp-json\/wp\/v2\/posts\/2458"}],"collection":[{"href":"https:\/\/centralmedia.rs\/index.php\/wp-json\/wp\/v2\/posts"}],"about":[{"href":"https:\/\/centralmedia.rs\/index.php\/wp-json\/wp\/v2\/types\/post"}],"author":[{"embeddable":true,"href":"https:\/\/centralmedia.rs\/index.php\/wp-json\/wp\/v2\/users\/4"}],"replies":[{"embeddable":true,"href":"https:\/\/centralmedia.rs\/index.php\/wp-json\/wp\/v2\/comments?post=2458"}],"version-history":[{"count":0,"href":"https:\/\/centralmedia.rs\/index.php\/wp-json\/wp\/v2\/posts\/2458\/revisions"}],"wp:featuredmedia":[{"embeddable":true,"href":"https:\/\/centralmedia.rs\/index.php\/wp-json\/wp\/v2\/media\/2459"}],"wp:attachment":[{"href":"https:\/\/centralmedia.rs\/index.php\/wp-json\/wp\/v2\/media?parent=2458"}],"wp:term":[{"taxonomy":"category","embeddable":true,"href":"https:\/\/centralmedia.rs\/index.php\/wp-json\/wp\/v2\/categories?post=2458"},{"taxonomy":"post_tag","embeddable":true,"href":"https:\/\/centralmedia.rs\/index.php\/wp-json\/wp\/v2\/tags?post=2458"}],"curies":[{"name":"wp","href":"https:\/\/api.w.org\/{rel}","templated":true}]}}