{"id":24611,"date":"2020-07-10T13:57:13","date_gmt":"2020-07-10T13:57:13","guid":{"rendered":"http:\/\/centralmedia.rs\/?p=24611"},"modified":"2020-07-29T13:02:44","modified_gmt":"2020-07-29T13:02:44","slug":"palma-pristina-novim-zahtevima-zeli-da-ponisti-briselski-sporazum-i-rezoluciju-1244","status":"publish","type":"post","link":"https:\/\/centralmedia.rs\/index.php\/2020\/07\/10\/palma-pristina-novim-zahtevima-zeli-da-ponisti-briselski-sporazum-i-rezoluciju-1244\/","title":{"rendered":"PALMA : PRI\u0160TINA NOVIM ZAHTEVIMA \u017dELI DA PONI\u0160TI BRISELSKI SPORAZUM I REZOLUCIJU 1244"},"content":{"rendered":"<p>JAGODINA- \u201eDana\u0161njim spiskom lepih \u017eelja u Briselu, Pri\u0161tina je zapravo poru\u010dila i Parizu i Berlinu i Briselu i Va\u0161ingtonu da za njih ne va\u017ei ni Briselski sporazum ni Rezolucija 1244. I predsednik Srbije Aleksandar Vu\u010di\u0107 je potpuno u pravu kada je rekao da je svaki razgovor potpuno besmislen ako su ti zahtevi smisao svega. Ono \u0161to je za nas va\u017eno je da li su to zahtevi samo Pri\u0161tine ili su autori tih zahteva u Briselu, Berlinu, Va\u0161ingtonu ili Parizu. Da li se na ovaj na\u010din stornira potpisani sporazum u Briselu, sa tekstom koji je nametnula Evropska unija. Sada vi\u0161e niko ne spominje potpisani Briselski sporazum, ni Zajednicu srpskih op\u0161tina, ve\u0107 organizuju sastanak, na kome su dali novi tekst kosovskim Albancima, da kosovski Albanci dodaju neke nove zahteve koji nigde ne stoje, ni u Briselskom sporazumu ni u Rezoluciji 1244\u201c, izjavio je danas predsednik Jedinstvene Srbije Dragan Markovi\u0107 Palma.\u201cSiguran\u00a0\u00a0sam da \u0107e rukovodstvo Srbije doneti odlkuku koja ne\u0107e \u0161tetiti gra\u0111anima Srbije. Mi tako\u0111e moramo da vidimo \u0161ta \u0107emo \u010diniti u narednom vremenskom periodu. Trebalo bi da obnovimo tu\u017ebu protiv NATO pakta, odnosno zemalja \u010dlanica NATO pakta koje su bombardovale Srbiju kasetnim bombama sa osiroma\u0161enim uranijumom. Od posledica bombardovanja osiroma\u0161enim uranijumom veliki broj gra\u0111ana Srbije umro je od karcinoma. Podseti\u0107u da je samo u Italiji u vi\u0161e od 300 parnica, sud presudio u korist italijanskih voinika koji su tu\u017eili NATO zbog kori\u0161\u0107enja bombi sa osiroma\u0161enim uranijuomom, od \u010dega je 400 italijanskih vojnika preminulo, a vi\u0161e od 7.500 obolelo. Ako su Italijani tu\u017eili NATO za\u0161to ne bi i mi Srbi, koji smo bili najve\u0107e \u017ertve te agresije protiv na\u0161e zemlje. Da vidimo koja \u0107e to institucija zastupati interese na\u0161e dr\u017eave i na\u0161ih gra\u0111ana pred me\u0111unarodnim sudovima po tom pitanju. Mo\u017eda bi tu bilo dobro iskustvo Italijanskog advokata, An\u0111ela Fjore Tartalje, koji je rekao\u00a0\u00a0da bi Srbija trebalo pojedina\u010dno da tu\u017ei sve dr\u017eave \u010dlanice NATO-a koje su u\u010destvovale u njenom bombardovanju. Ovaj advokat je u Italiji zastupao italijanske vojnike obolele zbog izlo\u017eenosti osiroma\u0161enim uranijumom tokom boravka u misijama u BiH i na Kosmetu i pobedio u vi\u0161e od 300 parnica\u201c, izjavio je Markovi\u0107.<\/p>\n","protected":false},"excerpt":{"rendered":"<p>JAGODINA- \u201eDana\u0161njim spiskom lepih \u017eelja u Briselu, Pri\u0161tina je zapravo poru\u010dila i Parizu i Berlinu i Briselu i Va\u0161ingtonu da za njih ne va\u017ei ni &hellip; <\/p>\n","protected":false},"author":2,"featured_media":16269,"comment_status":"open","ping_status":"open","sticky":false,"template":"","format":"standard","meta":{"footnotes":""},"categories":[1524,2,1514,13,12],"tags":[3413,148,120,4744],"_links":{"self":[{"href":"https:\/\/centralmedia.rs\/index.php\/wp-json\/wp\/v2\/posts\/24611"}],"collection":[{"href":"https:\/\/centralmedia.rs\/index.php\/wp-json\/wp\/v2\/posts"}],"about":[{"href":"https:\/\/centralmedia.rs\/index.php\/wp-json\/wp\/v2\/types\/post"}],"author":[{"embeddable":true,"href":"https:\/\/centralmedia.rs\/index.php\/wp-json\/wp\/v2\/users\/2"}],"replies":[{"embeddable":true,"href":"https:\/\/centralmedia.rs\/index.php\/wp-json\/wp\/v2\/comments?post=24611"}],"version-history":[{"count":3,"href":"https:\/\/centralmedia.rs\/index.php\/wp-json\/wp\/v2\/posts\/24611\/revisions"}],"predecessor-version":[{"id":24614,"href":"https:\/\/centralmedia.rs\/index.php\/wp-json\/wp\/v2\/posts\/24611\/revisions\/24614"}],"wp:featuredmedia":[{"embeddable":true,"href":"https:\/\/centralmedia.rs\/index.php\/wp-json\/wp\/v2\/media\/16269"}],"wp:attachment":[{"href":"https:\/\/centralmedia.rs\/index.php\/wp-json\/wp\/v2\/media?parent=24611"}],"wp:term":[{"taxonomy":"category","embeddable":true,"href":"https:\/\/centralmedia.rs\/index.php\/wp-json\/wp\/v2\/categories?post=24611"},{"taxonomy":"post_tag","embeddable":true,"href":"https:\/\/centralmedia.rs\/index.php\/wp-json\/wp\/v2\/tags?post=24611"}],"curies":[{"name":"wp","href":"https:\/\/api.w.org\/{rel}","templated":true}]}}