{"id":24618,"date":"2020-07-13T11:53:06","date_gmt":"2020-07-13T11:53:06","guid":{"rendered":"http:\/\/centralmedia.rs\/?p=24618"},"modified":"2020-07-29T13:02:29","modified_gmt":"2020-07-29T13:02:29","slug":"politicari-i-gradani-jagodine-obelezili-slavu-svetih-apostola-petra-i-pavla-politicari-naredni-kolacari-zoran-glirogijevic-i-dusan-markovic","status":"publish","type":"post","link":"https:\/\/centralmedia.rs\/index.php\/2020\/07\/13\/politicari-i-gradani-jagodine-obelezili-slavu-svetih-apostola-petra-i-pavla-politicari-naredni-kolacari-zoran-glirogijevic-i-dusan-markovic\/","title":{"rendered":"Jagodinski politi\u010dari obele\u017eili gradsku slavu Svetih apostola Petra i Pavla &#8211; POLITI\u010cARI NAREDNI KOLA\u010cARI PETROVDANA ZORAN GLIGORIJEVI\u0106 I DU\u0160AN MARKOVI\u0106"},"content":{"rendered":"<p>JAGODINA- Gradsku slavu Svetih apostola Petra i Pavla oble\u017eili su politi\u010dari jer su kola\u010d Gradske uprave i crkve Svetih apostola Petra i Pavla preuzeli politi\u010dari Zoran Gligorijevi\u0107 i Du\u0161an Markovi\u0107, odbornici u slede\u0107em sazivu SG. Do sada su, po nekom nepisanom pravilu, politi\u010dari preuzmali kola\u010d u Skup\u0161tini grada, a u crkvi gra\u0111ani \u010dlanovi Crkvenog odbora ili zaslu\u017eni pojedinci, ovog puta su izdominirali politi\u010dari. \u0160to verski teoreti\u010dari u ovu situaciju tuma\u010de kao ,,povratak dru\u0161tva korenima i pravim vrednostima, odnosno\u00a0 stazama Svetosavlja&#8221;.<\/p>\n<p>U Skup\u0161tini grada dosada\u0161nji kola\u010dar, predsednik Gradskog odbora Srpske napredne stranke u Jagodini Nikola Radosavljevi\u0107 predao je kola\u010d za narednu godinu predsedniku Gradskog odbora Jedinstvene Srbije u Jagodini Zoranu Gligorijevi\u0107u.<\/p>\n<p>-2020. godina osta\u0107e upam\u0107ena po tome \u0161to smo gradsku slavu Petrovdan obele\u017eili u posebnim uslovima borbe protiv korona virusa. Mi smo u Jagodini dobili veliko poverenje na\u0161ih gra\u0111ana na pro\u0161lim izborima, kako na lokalnom, tako i na republi\u010dkom nivou i nadam se da \u0107emo sve ono \u0161to gra\u0111ani o\u010dekuju od nas ispuniti. Tako\u0111e bi se zahvalio svima onima koji su strpljivi, svima onima koji razmi\u0161ljaju i koji su savesni u ovoj borbi i \u017eelim im da opstanu i istraju u svemu ovome \u0161to nam se de\u0161ava\u201d, rekao je ovogodi\u0161nji kola\u010dar, predsednik Gradskog odbora Srpske napredne stratnke u Jagodini i budu\u0107i narodni poslanik Nikola Radosavljevi\u0107.<\/p>\n<p>-Velika mi je \u010dast \u0161to sam danas primio kola\u010d slave grada Jagodine, slave mog grada, jer sam ro\u0111en u ovom gradu, ceo radnik vek sam u ovom gradu i sve generacije moje porodice \u017eive u Jagodini. Tako\u0111e, velika mi je \u010dast \u0161to sam deo tima Dragana Markovi\u0107a Palme, koji sa svojim saradnicima i koalicionim partnerima veoma uspe\u0161no vodi ovaj grad ve\u0107 16 godina, maksimalno radi na unapre\u0111enju na\u0161eg grada u svim segmentima i siguran sam da \u0107e tako biti i ubudu\u0107e i neka nam u tome pomognu i Gospod Bog i dana\u0161nja slava\u201d, izjavio je predsednik Gradskog odbora Jedinstvene Srbije u Jagodini Zoran Gligorijevi\u0107. Obele\u017eavanje gradske slave u Jagodini vodio je sve\u0161tenik Hrama Svetih apostola Petra i Pavla u Jagodini Milan \u0110or\u0111evi\u0107.<\/p>\n<p>Predsednik Bunt &#8211; Prave Jagodine i budu\u0107i odbornik u skup\u0161tini Grada, Du\u0161an Markovi\u0107 sa saradnicima prisustvovao svetoj liturgiji u hramu Svetih apostola Petra i Pavla povodom krsne slave Grada Jagodine Petrovdan. Markovi\u0107 je preuzeo kola\u010d i idu\u0107e godine \u0107e biti doma\u0107in proslave krsne slave.<br \/>\n-Jagodini i Srbiji je danas mo\u017eda vi\u0161e nego ikada potrebna sabornost, bratska ljubav i vera u svetosavsku Srbiju. Mnogi politi\u010dari danas \u017eele da nas vrate u 1941. godinu i bratoubila\u010dki sukob, taj luksuz Srbija sebi ne sme da dozvoli. Danas se molimo svevi\u0161njem gospodu da ruka onog koji nanosi udarac bratu svome isti ne napravi, a da oni koji vode ovu na\u0161u dr\u017eavu shvate jednom za svagda da je Srbija otad\u017ebina svakog Srbina ma koje vere i politi\u010dke pripadnosti bio. Dosta je Srbiji podela, vreme je za osvetosavljenje Srbije i bratsku slogu. Na\u0161a organizacija podr\u017eava mirne gra\u0111anske proteste. Opozicionarstvo jednoj gradskoj ili republi\u010dkoj vlasti je sveti poziv, poziv kojim unapre\u0111ujemo i ukazujemo na probleme u svojoj okolini, to je borba da se pomognemo tamo gde mo\u017eemo i u\u010dinimo \u017eivot boljim tamo gde najbolji nije.<br \/>\nMolimo omladinu Srpsku da ruku na brata ne di\u017ee, ali isto tako i roditelje na\u0161e i ljude koji su dali zakletvu Srbiji i svima nama, da ne di\u017eu ruku na svoje kom\u0161ije svoju decu, ve\u0107 da se preispitamo svi skupa ko su ljudi koji nas na brata hu\u0161kaju. Da Bog sveti da, da se Srbi slo\u017ee, obo\u017ee i objedine u borbi koja nam je danas neminovna, u odbrani na\u0161e otad\u017ebine od ove nevidljive po\u0161asti zvane Korona virus. Srda\u010dan bratski i kom\u0161iski pozdrav, neka nam je na zdravlje i spasenje dana\u0161nji praznik i neka nam je sre\u0107na krsna slava na\u0161eg grada. Bog vas pogledao \u017eivela Jagodina, \u017eivela Srbija!, poru\u010dio je Markovi\u0107.<\/p>\n","protected":false},"excerpt":{"rendered":"<p>JAGODINA- Gradsku slavu Svetih apostola Petra i Pavla oble\u017eili su politi\u010dari jer su kola\u010d Gradske uprave i crkve Svetih apostola Petra i Pavla preuzeli politi\u010dari &hellip; <\/p>\n","protected":false},"author":2,"featured_media":24619,"comment_status":"open","ping_status":"open","sticky":false,"template":"","format":"standard","meta":{"footnotes":""},"categories":[1524,2,1514,13,12],"tags":[58,965,47,2001],"_links":{"self":[{"href":"https:\/\/centralmedia.rs\/index.php\/wp-json\/wp\/v2\/posts\/24618"}],"collection":[{"href":"https:\/\/centralmedia.rs\/index.php\/wp-json\/wp\/v2\/posts"}],"about":[{"href":"https:\/\/centralmedia.rs\/index.php\/wp-json\/wp\/v2\/types\/post"}],"author":[{"embeddable":true,"href":"https:\/\/centralmedia.rs\/index.php\/wp-json\/wp\/v2\/users\/2"}],"replies":[{"embeddable":true,"href":"https:\/\/centralmedia.rs\/index.php\/wp-json\/wp\/v2\/comments?post=24618"}],"version-history":[{"count":6,"href":"https:\/\/centralmedia.rs\/index.php\/wp-json\/wp\/v2\/posts\/24618\/revisions"}],"predecessor-version":[{"id":24625,"href":"https:\/\/centralmedia.rs\/index.php\/wp-json\/wp\/v2\/posts\/24618\/revisions\/24625"}],"wp:featuredmedia":[{"embeddable":true,"href":"https:\/\/centralmedia.rs\/index.php\/wp-json\/wp\/v2\/media\/24619"}],"wp:attachment":[{"href":"https:\/\/centralmedia.rs\/index.php\/wp-json\/wp\/v2\/media?parent=24618"}],"wp:term":[{"taxonomy":"category","embeddable":true,"href":"https:\/\/centralmedia.rs\/index.php\/wp-json\/wp\/v2\/categories?post=24618"},{"taxonomy":"post_tag","embeddable":true,"href":"https:\/\/centralmedia.rs\/index.php\/wp-json\/wp\/v2\/tags?post=24618"}],"curies":[{"name":"wp","href":"https:\/\/api.w.org\/{rel}","templated":true}]}}