{"id":2463,"date":"2016-03-21T21:07:38","date_gmt":"2016-03-21T21:07:38","guid":{"rendered":"http:\/\/centralmedia.rs\/?p=2463"},"modified":"2016-03-21T21:07:38","modified_gmt":"2016-03-21T21:07:38","slug":"zbog-smrti-majke-troje-dece-sest-godina-zatvora","status":"publish","type":"post","link":"https:\/\/centralmedia.rs\/index.php\/2016\/03\/21\/zbog-smrti-majke-troje-dece-sest-godina-zatvora\/","title":{"rendered":"ZBOG SMRTI MAJKE TROJE DECE &#8211; \u0160EST GODINA ZATVORA"},"content":{"rendered":"<p>JAGODINA-Perica Jovi\u0107 (61) iz Majura kod Jagodine ogla\u0161en je krivim i nepravosna\u017eno je osu\u0111en na \u0161est godina zatvora zbog smrti Dragane Milanovi\u0107 (29) iz istog sela, odlu\u010dio je Vi\u0161i sud u Jagodini. On je svojim automobilom udario januara pro\u0161le godine Draganu koja se nalazila van puta i dr\u017eala za ruku petogodi\u0161nju \u0107erku. <figure id=\"attachment_2466\" aria-describedby=\"caption-attachment-2466\" style=\"width: 232px\" class=\"wp-caption alignnone\"><a href=\"https:\/\/centralmedia.rs\/wp-content\/uploads\/2016\/03\/dragana-milanovic-1-jagodina-f.b..jpg\" rel=\"attachment wp-att-2466\"><img loading=\"lazy\" decoding=\"async\" src=\"https:\/\/centralmedia.rs\/wp-content\/uploads\/2016\/03\/dragana-milanovic-1-jagodina-f.b.-232x300.jpg\" alt=\"Dragana Milanovi\u0107\" width=\"232\" height=\"300\" class=\"size-medium wp-image-2466\" srcset=\"https:\/\/centralmedia.rs\/wp-content\/uploads\/2016\/03\/dragana-milanovic-1-jagodina-f.b.-232x300.jpg 232w, https:\/\/centralmedia.rs\/wp-content\/uploads\/2016\/03\/dragana-milanovic-1-jagodina-f.b..jpg 697w\" sizes=\"(max-width: 232px) 100vw, 232px\" \/><\/a><figcaption id=\"caption-attachment-2466\" class=\"wp-caption-text\">Dragana Milanovi\u0107<\/figcaption><\/figure>Ustanovljeno je da vozio u pripitom stanju. <\/p>\n","protected":false},"excerpt":{"rendered":"<p>JAGODINA-Perica Jovi\u0107 (61) iz Majura kod Jagodine ogla\u0161en je krivim i nepravosna\u017eno je osu\u0111en na \u0161est godina zatvora zbog smrti Dragane Milanovi\u0107 (29) iz istog &hellip; <\/p>\n","protected":false},"author":4,"featured_media":2465,"comment_status":"open","ping_status":"open","sticky":false,"template":"","format":"standard","meta":{"footnotes":""},"categories":[20,2,12],"tags":[58,637,636],"_links":{"self":[{"href":"https:\/\/centralmedia.rs\/index.php\/wp-json\/wp\/v2\/posts\/2463"}],"collection":[{"href":"https:\/\/centralmedia.rs\/index.php\/wp-json\/wp\/v2\/posts"}],"about":[{"href":"https:\/\/centralmedia.rs\/index.php\/wp-json\/wp\/v2\/types\/post"}],"author":[{"embeddable":true,"href":"https:\/\/centralmedia.rs\/index.php\/wp-json\/wp\/v2\/users\/4"}],"replies":[{"embeddable":true,"href":"https:\/\/centralmedia.rs\/index.php\/wp-json\/wp\/v2\/comments?post=2463"}],"version-history":[{"count":0,"href":"https:\/\/centralmedia.rs\/index.php\/wp-json\/wp\/v2\/posts\/2463\/revisions"}],"wp:featuredmedia":[{"embeddable":true,"href":"https:\/\/centralmedia.rs\/index.php\/wp-json\/wp\/v2\/media\/2465"}],"wp:attachment":[{"href":"https:\/\/centralmedia.rs\/index.php\/wp-json\/wp\/v2\/media?parent=2463"}],"wp:term":[{"taxonomy":"category","embeddable":true,"href":"https:\/\/centralmedia.rs\/index.php\/wp-json\/wp\/v2\/categories?post=2463"},{"taxonomy":"post_tag","embeddable":true,"href":"https:\/\/centralmedia.rs\/index.php\/wp-json\/wp\/v2\/tags?post=2463"}],"curies":[{"name":"wp","href":"https:\/\/api.w.org\/{rel}","templated":true}]}}