{"id":24663,"date":"2020-07-21T09:48:46","date_gmt":"2020-07-21T09:48:46","guid":{"rendered":"http:\/\/centralmedia.rs\/?p=24663"},"modified":"2020-07-29T13:03:19","modified_gmt":"2020-07-29T13:03:19","slug":"korona-u-svilajnackom-vrticu","status":"publish","type":"post","link":"https:\/\/centralmedia.rs\/index.php\/2020\/07\/21\/korona-u-svilajnackom-vrticu\/","title":{"rendered":"KORONA U SVILAJNA\u010cKOM VRTI\u0106U"},"content":{"rendered":"<p>SVILAJNAC- Pred\u0161kolska ustanova De\u010dija radost iz Svilajnca prva je ustanova te namene iz Pomoravskog okruga u kojoj se pojavila korona. Zaposlena radnica je na le\u010denju, dok je troje njenih kolega upu\u0107eno u izolaciju, vrti\u0107 je poo\u0161trio mere dezinfekcije, ali ne\u0107e biti obavljeno testiranje ostalih zaposlenih na koronu.<\/p>\n<p>-Pojavio se jedan slu\u010daj zaraze korone, re\u010d je o zaposlenoj u vrti\u0107u koja radi sama u kancelariji. Ima bla\u017ei je oblik korone, test iz krvi i PCR su potvrdili da je pozitivna. Jo\u0161 troje zaposlenih, koji su bili u kontaktu, su u izolaciji. Poo\u0161trili smo mere dezinfekcije vrti\u0107a i svog osoblja, to je na podignuto na visok nivo. Pratimo prepruke ministarstva, ka\u017ee direktorka Daliborka Mojsovi\u0107.<\/p>\n<p>Zaposlena koja je zara\u017eena nije imala kontakt sa decom. Ostali zaposleni iz vrti\u0107a ne\u0107e biti upu\u0107eni na testiranja na koronu.<\/p>\n<p>&#8211; Tu je doktor iz Zavoda za javno zdravlje iz \u0106uprije i idalje pratimo situaciju sa ostalim osobljem, za sada je sve pod kontrolom, isti\u010de Daliborka Mojsovi\u0107.<\/p>\n<p>Pojedina\u010dni slu\u010dajevi zaraze koronom su se dogodili i u drugim ustanovama u Svilajncu, ali vrti\u0107 je najosetljivi upravo zbog dece.<\/p>\n<p>-Vr\u0161imo sve mere predostro\u017enosti. Jutarnju trija\u017eu, svim zaposlenima i deci se meri temperatura, maske nose zaposleni i deca, dr\u017eimo se svih predlo\u017eenih mera. Dece ima manje, vrti\u0107 funkcioni\u0161e za sada dobro, kazala je ona.<\/p>\n","protected":false},"excerpt":{"rendered":"<p>SVILAJNAC- Pred\u0161kolska ustanova De\u010dija radost iz Svilajnca prva je ustanova te namene iz Pomoravskog okruga u kojoj se pojavila korona. Zaposlena radnica je na le\u010denju, &hellip; <\/p>\n","protected":false},"author":2,"featured_media":24664,"comment_status":"open","ping_status":"open","sticky":false,"template":"","format":"standard","meta":{"footnotes":""},"categories":[28,1524,2,887,12,1517],"tags":[4440,38,1013],"_links":{"self":[{"href":"https:\/\/centralmedia.rs\/index.php\/wp-json\/wp\/v2\/posts\/24663"}],"collection":[{"href":"https:\/\/centralmedia.rs\/index.php\/wp-json\/wp\/v2\/posts"}],"about":[{"href":"https:\/\/centralmedia.rs\/index.php\/wp-json\/wp\/v2\/types\/post"}],"author":[{"embeddable":true,"href":"https:\/\/centralmedia.rs\/index.php\/wp-json\/wp\/v2\/users\/2"}],"replies":[{"embeddable":true,"href":"https:\/\/centralmedia.rs\/index.php\/wp-json\/wp\/v2\/comments?post=24663"}],"version-history":[{"count":1,"href":"https:\/\/centralmedia.rs\/index.php\/wp-json\/wp\/v2\/posts\/24663\/revisions"}],"predecessor-version":[{"id":24665,"href":"https:\/\/centralmedia.rs\/index.php\/wp-json\/wp\/v2\/posts\/24663\/revisions\/24665"}],"wp:featuredmedia":[{"embeddable":true,"href":"https:\/\/centralmedia.rs\/index.php\/wp-json\/wp\/v2\/media\/24664"}],"wp:attachment":[{"href":"https:\/\/centralmedia.rs\/index.php\/wp-json\/wp\/v2\/media?parent=24663"}],"wp:term":[{"taxonomy":"category","embeddable":true,"href":"https:\/\/centralmedia.rs\/index.php\/wp-json\/wp\/v2\/categories?post=24663"},{"taxonomy":"post_tag","embeddable":true,"href":"https:\/\/centralmedia.rs\/index.php\/wp-json\/wp\/v2\/tags?post=24663"}],"curies":[{"name":"wp","href":"https:\/\/api.w.org\/{rel}","templated":true}]}}