{"id":24666,"date":"2020-07-21T10:16:28","date_gmt":"2020-07-21T10:16:28","guid":{"rendered":"http:\/\/centralmedia.rs\/?p=24666"},"modified":"2020-07-29T13:03:25","modified_gmt":"2020-07-29T13:03:25","slug":"rudari-obelezili-svetog-prokopija-foto","status":"publish","type":"post","link":"https:\/\/centralmedia.rs\/index.php\/2020\/07\/21\/rudari-obelezili-svetog-prokopija-foto\/","title":{"rendered":"RUDARI OBELE\u017dILI SVETOG PROKOPIJA (FOTO)"},"content":{"rendered":"<p>DESPOTOVAC- Rudari Rudnika mrkog uglja \u201eRembas\u201d iz Resavice obele\u017eili su danas u Senjskom rudniku slavu rudara Svetog Prokopija. Zbog mera koje su nalo\u017eene za spre\u010davanje \u0161irenja kovid 19, proslava je bila skromnija. Obele\u017eavanje slave je bilo prekinuto vi\u0161e decenija u vreme socijalizma, da bi rudari obnovili pre 25 godina.<\/p>\n<div id='gallery-1' class='gallery galleryid-24666 gallery-columns-7 gallery-size-thumbnail'><figure class='gallery-item'>\n\t\t\t<div class='gallery-icon portrait'>\n\t\t\t\t<a href='https:\/\/centralmedia.rs\/index.php\/2020\/07\/21\/rudari-obelezili-svetog-prokopija-foto\/rudari-rembas-2\/'><img loading=\"lazy\" decoding=\"async\" width=\"150\" height=\"150\" src=\"https:\/\/centralmedia.rs\/wp-content\/uploads\/2020\/07\/rudari-rembas-2-150x150.jpg\" class=\"attachment-thumbnail size-thumbnail\" alt=\"\" \/><\/a>\n\t\t\t<\/div><\/figure><figure class='gallery-item'>\n\t\t\t<div class='gallery-icon portrait'>\n\t\t\t\t<a href='https:\/\/centralmedia.rs\/index.php\/2020\/07\/21\/rudari-obelezili-svetog-prokopija-foto\/rudari-rembas-3\/'><img loading=\"lazy\" decoding=\"async\" width=\"150\" height=\"150\" src=\"https:\/\/centralmedia.rs\/wp-content\/uploads\/2020\/07\/rudari-rembas-3-150x150.jpg\" class=\"attachment-thumbnail size-thumbnail\" alt=\"\" \/><\/a>\n\t\t\t<\/div><\/figure><figure class='gallery-item'>\n\t\t\t<div class='gallery-icon portrait'>\n\t\t\t\t<a href='https:\/\/centralmedia.rs\/index.php\/2020\/07\/21\/rudari-obelezili-svetog-prokopija-foto\/rudari-rembas-4\/'><img loading=\"lazy\" decoding=\"async\" width=\"150\" height=\"150\" src=\"https:\/\/centralmedia.rs\/wp-content\/uploads\/2020\/07\/rudari-rembas-4-150x150.jpg\" class=\"attachment-thumbnail size-thumbnail\" alt=\"\" \/><\/a>\n\t\t\t<\/div><\/figure><figure class='gallery-item'>\n\t\t\t<div class='gallery-icon landscape'>\n\t\t\t\t<a href='https:\/\/centralmedia.rs\/index.php\/2020\/07\/21\/rudari-obelezili-svetog-prokopija-foto\/rudari-rembas-5\/'><img loading=\"lazy\" decoding=\"async\" width=\"150\" height=\"150\" src=\"https:\/\/centralmedia.rs\/wp-content\/uploads\/2020\/07\/rudari-rembas-5-150x150.jpg\" class=\"attachment-thumbnail size-thumbnail\" alt=\"\" \/><\/a>\n\t\t\t<\/div><\/figure><figure class='gallery-item'>\n\t\t\t<div class='gallery-icon portrait'>\n\t\t\t\t<a href='https:\/\/centralmedia.rs\/index.php\/2020\/07\/21\/rudari-obelezili-svetog-prokopija-foto\/rudari-rembas-6\/'><img loading=\"lazy\" decoding=\"async\" width=\"150\" height=\"150\" src=\"https:\/\/centralmedia.rs\/wp-content\/uploads\/2020\/07\/rudari-rembas-6-150x150.jpg\" class=\"attachment-thumbnail size-thumbnail\" alt=\"\" \/><\/a>\n\t\t\t<\/div><\/figure><figure class='gallery-item'>\n\t\t\t<div class='gallery-icon landscape'>\n\t\t\t\t<a href='https:\/\/centralmedia.rs\/index.php\/2020\/07\/21\/rudari-obelezili-svetog-prokopija-foto\/rudari-rembas-7\/'><img loading=\"lazy\" decoding=\"async\" width=\"150\" height=\"150\" src=\"https:\/\/centralmedia.rs\/wp-content\/uploads\/2020\/07\/rudari-rembas-7-150x150.jpg\" class=\"attachment-thumbnail size-thumbnail\" alt=\"\" \/><\/a>\n\t\t\t<\/div><\/figure><figure class='gallery-item'>\n\t\t\t<div class='gallery-icon landscape'>\n\t\t\t\t<a href='https:\/\/centralmedia.rs\/index.php\/2020\/07\/21\/rudari-obelezili-svetog-prokopija-foto\/rudari-rembas-1\/'><img loading=\"lazy\" decoding=\"async\" width=\"150\" height=\"150\" src=\"https:\/\/centralmedia.rs\/wp-content\/uploads\/2020\/07\/rudari-rembas-1-150x150.jpg\" class=\"attachment-thumbnail size-thumbnail\" alt=\"\" \/><\/a>\n\t\t\t<\/div><\/figure>\n\t\t<\/div>\n\n<p>-Rezanjem slavskog kola\u010da i polaganjem venaca obele\u017eili smo rudarsku slavu i dan velike tragedije u rudniku. Nije bilo nikakvih uobi\u010dajenih sve\u010danosti i kulturno umetni\u010dkog programa, uz manji broj prisutnih, rekao je predsednik Sindikata Neboj\u0161a Milenkovi\u0107<\/p>\n<p>Na ovaj dan 1893. godine dogodila se rudarska tragedija u jami \u201eCiganski potkop\u201d, kada je u po\u017earu poginula cela smena rudara. Ta\u010dan broj stradalih rudara nije nikad utvr\u0111en, ali se u dokumentima navodi da je to bilo oko 30 rudara. U znak se\u0107anja na tu tragediju u Senjskom rudniku je 1900. godine podignuta crkva \u201eSveti Prokopije\u201d, a Sveti Prokopije progla\u0161en slavom rudara.<\/p>\n<p>&nbsp;<\/p>\n","protected":false},"excerpt":{"rendered":"<p>DESPOTOVAC- Rudari Rudnika mrkog uglja \u201eRembas\u201d iz Resavice obele\u017eili su danas u Senjskom rudniku slavu rudara Svetog Prokopija. Zbog mera koje su nalo\u017eene za spre\u010davanje &hellip; <\/p>\n","protected":false},"author":2,"featured_media":24667,"comment_status":"open","ping_status":"open","sticky":false,"template":"","format":"standard","meta":{"footnotes":""},"categories":[1518,14,1524,2,12],"tags":[52,590,2001],"_links":{"self":[{"href":"https:\/\/centralmedia.rs\/index.php\/wp-json\/wp\/v2\/posts\/24666"}],"collection":[{"href":"https:\/\/centralmedia.rs\/index.php\/wp-json\/wp\/v2\/posts"}],"about":[{"href":"https:\/\/centralmedia.rs\/index.php\/wp-json\/wp\/v2\/types\/post"}],"author":[{"embeddable":true,"href":"https:\/\/centralmedia.rs\/index.php\/wp-json\/wp\/v2\/users\/2"}],"replies":[{"embeddable":true,"href":"https:\/\/centralmedia.rs\/index.php\/wp-json\/wp\/v2\/comments?post=24666"}],"version-history":[{"count":2,"href":"https:\/\/centralmedia.rs\/index.php\/wp-json\/wp\/v2\/posts\/24666\/revisions"}],"predecessor-version":[{"id":24675,"href":"https:\/\/centralmedia.rs\/index.php\/wp-json\/wp\/v2\/posts\/24666\/revisions\/24675"}],"wp:featuredmedia":[{"embeddable":true,"href":"https:\/\/centralmedia.rs\/index.php\/wp-json\/wp\/v2\/media\/24667"}],"wp:attachment":[{"href":"https:\/\/centralmedia.rs\/index.php\/wp-json\/wp\/v2\/media?parent=24666"}],"wp:term":[{"taxonomy":"category","embeddable":true,"href":"https:\/\/centralmedia.rs\/index.php\/wp-json\/wp\/v2\/categories?post=24666"},{"taxonomy":"post_tag","embeddable":true,"href":"https:\/\/centralmedia.rs\/index.php\/wp-json\/wp\/v2\/tags?post=24666"}],"curies":[{"name":"wp","href":"https:\/\/api.w.org\/{rel}","templated":true}]}}