{"id":2471,"date":"2016-03-21T23:47:47","date_gmt":"2016-03-21T23:47:47","guid":{"rendered":"http:\/\/centralmedia.rs\/?p=2471"},"modified":"2016-03-21T23:47:47","modified_gmt":"2016-03-21T23:47:47","slug":"pokret-svi-za-paracin-novih-1-000-radnih-mesta","status":"publish","type":"post","link":"https:\/\/centralmedia.rs\/index.php\/2016\/03\/21\/pokret-svi-za-paracin-novih-1-000-radnih-mesta\/","title":{"rendered":"POKRET SVI ZA PARA\u0106IN &#8211; NOVIH 1.000 RADNIH MESTA"},"content":{"rendered":"<p>PARA\u0106IN-Pokret Svi za Para\u0107in najavio je otvaranje do 1.000 novih radnih mesta za \u010detiri godine u lokalnim malim preduze\u0107ima i poljoprivredi uz bud\u017eetski podsticaj lokalne samouprave u visini od  4 miliona evra. Taj pokret predao je listu kandidata za odbornike na lokalnim izborima pod sloganom ,,Vreme je\u201d , nosilac liste je Tomislav \u0160aleti\u0107. Na pro\u0161lim i pretpro\u0161lim izborima liste Pokreta &#8211; Svi za Para\u0107in bile su druge po snazi.<br \/>\n-Postoji kontinuitet poverenja gra\u0111ana u na\u0161u listu, a tako\u0111e i ispunjenja predizbornih obe\u0107anja. Ovog puta lista je ja\u010da i sa pravom o\u010dekujemo dobar rezultat. Imamo podr\u0161ku  Foruma privrednika iz Para\u0107ina i na tome zasnivamo na\u0161a o\u010dekivanja, jer privrednici zapo\u0161ljavaju vi\u0161e od hiljadu radnika, odnosno vi\u0161e nego  Staklara i Cementara. To \u0107e biti ozvani\u010deno potpisivanjem protokola o saradnji, rekao je predsednik tog pokreta Dragan Miti\u0107.<a href=\"https:\/\/centralmedia.rs\/wp-content\/uploads\/2016\/03\/izbori.jpg\" rel=\"attachment wp-att-2473\"><img loading=\"lazy\" decoding=\"async\" src=\"https:\/\/centralmedia.rs\/wp-content\/uploads\/2016\/03\/izbori-300x282.jpg\" alt=\"izbori\" width=\"300\" height=\"282\" class=\"alignnone size-medium wp-image-2473\" srcset=\"https:\/\/centralmedia.rs\/wp-content\/uploads\/2016\/03\/izbori-300x282.jpg 300w, https:\/\/centralmedia.rs\/wp-content\/uploads\/2016\/03\/izbori-768x723.jpg 768w, https:\/\/centralmedia.rs\/wp-content\/uploads\/2016\/03\/izbori.jpg 900w\" sizes=\"(max-width: 300px) 100vw, 300px\" \/><\/a><br \/>\nU tom pokretu smatraju lokalna zajednica treba da daje konkretnu podr\u0161ku lokalnim preduze\u0107ima, kako bi do\u0161lo do upo\u0161ljavanja ve\u0107eg broja sa evidencije nezaposlenih.<br \/>\n-Pokret \u0107e, ukoliko bude u vlasti, uzeti da sprovodi ekonomski program lokalnih preduzetnika. Privrednici \u0107e sami pisati ekonomski program, odnosno privrednici \u0107e sami kreirati poslovni ambijent u lokalu,jer \u0107e imati svoje ljude u zakonodavnoj i izvr\u0161noj vlasti, objasnio je on i dodao da op\u0161tina ne mo\u017ee celokupan investicioni potencijal da ula\u017ee u komunalnu infrastrukturu te najavio da \u0107e u poljoprivredu i privredu biti plasirano 4 miliona evra.<a href=\"https:\/\/centralmedia.rs\/wp-content\/uploads\/2016\/03\/svi-za-paracin-1.jpg\" rel=\"attachment wp-att-2474\"><img loading=\"lazy\" decoding=\"async\" src=\"https:\/\/centralmedia.rs\/wp-content\/uploads\/2016\/03\/svi-za-paracin-1-300x144.jpg\" alt=\"svi za paracin 1\" width=\"300\" height=\"144\" class=\"alignnone size-medium wp-image-2474\" srcset=\"https:\/\/centralmedia.rs\/wp-content\/uploads\/2016\/03\/svi-za-paracin-1-300x144.jpg 300w, https:\/\/centralmedia.rs\/wp-content\/uploads\/2016\/03\/svi-za-paracin-1-768x368.jpg 768w, https:\/\/centralmedia.rs\/wp-content\/uploads\/2016\/03\/svi-za-paracin-1.jpg 960w\" sizes=\"(max-width: 300px) 100vw, 300px\" \/><\/a><br \/>\n-Realizacija infrastrukturnih  investicija je pri kraju i to je dobro ura\u0111eno. Ali sada umesto u asvalt moramo da ulo\u017eimo u ljude, u konkretnog \u010doveka. Umesto u pojedina\u010dne poljoprivredne ma\u0161ine, ulo\u017eili bi recimo u hladnja\u010du ili pak centar. Ne\u0161to \u0161to \u0107e 20 godina da koristi veliki broj ljudi, ceo region. O\u010dekujemo otvaranje oko 1.000 novih radnih mesta u direktnim investicijama i u novim indirektnim poslovima koji \u0107e biti pokrenuti, zaklju\u010dio je Miti\u0107.<\/p>\n","protected":false},"excerpt":{"rendered":"<p>PARA\u0106IN-Pokret Svi za Para\u0107in najavio je otvaranje do 1.000 novih radnih mesta za \u010detiri godine u lokalnim malim preduze\u0107ima i poljoprivredi uz bud\u017eetski podsticaj lokalne &hellip; <\/p>\n","protected":false},"author":4,"featured_media":2472,"comment_status":"open","ping_status":"open","sticky":false,"template":"","format":"standard","meta":{"footnotes":""},"categories":[2,13,12],"tags":[643,642,641],"_links":{"self":[{"href":"https:\/\/centralmedia.rs\/index.php\/wp-json\/wp\/v2\/posts\/2471"}],"collection":[{"href":"https:\/\/centralmedia.rs\/index.php\/wp-json\/wp\/v2\/posts"}],"about":[{"href":"https:\/\/centralmedia.rs\/index.php\/wp-json\/wp\/v2\/types\/post"}],"author":[{"embeddable":true,"href":"https:\/\/centralmedia.rs\/index.php\/wp-json\/wp\/v2\/users\/4"}],"replies":[{"embeddable":true,"href":"https:\/\/centralmedia.rs\/index.php\/wp-json\/wp\/v2\/comments?post=2471"}],"version-history":[{"count":0,"href":"https:\/\/centralmedia.rs\/index.php\/wp-json\/wp\/v2\/posts\/2471\/revisions"}],"wp:featuredmedia":[{"embeddable":true,"href":"https:\/\/centralmedia.rs\/index.php\/wp-json\/wp\/v2\/media\/2472"}],"wp:attachment":[{"href":"https:\/\/centralmedia.rs\/index.php\/wp-json\/wp\/v2\/media?parent=2471"}],"wp:term":[{"taxonomy":"category","embeddable":true,"href":"https:\/\/centralmedia.rs\/index.php\/wp-json\/wp\/v2\/categories?post=2471"},{"taxonomy":"post_tag","embeddable":true,"href":"https:\/\/centralmedia.rs\/index.php\/wp-json\/wp\/v2\/tags?post=2471"}],"curies":[{"name":"wp","href":"https:\/\/api.w.org\/{rel}","templated":true}]}}