{"id":24737,"date":"2020-07-30T13:34:23","date_gmt":"2020-07-30T13:34:23","guid":{"rendered":"http:\/\/centralmedia.rs\/?p=24737"},"modified":"2020-08-03T14:39:05","modified_gmt":"2020-08-03T14:39:05","slug":"srpski-heroj-blagoje-jovovic-koji-je-izvrsio-atentat-na-hrvatskog-poglavnika-antu-pavelica-dobio-ulicu-u-zemunu","status":"publish","type":"post","link":"https:\/\/centralmedia.rs\/index.php\/2020\/07\/30\/srpski-heroj-blagoje-jovovic-koji-je-izvrsio-atentat-na-hrvatskog-poglavnika-antu-pavelica-dobio-ulicu-u-zemunu\/","title":{"rendered":"SRPSKI HEROJ BLAGOJE JOVOVI\u0106, KOJI JE IZVR\u0160IO ATENTAT NA HRVATSKOG VO\u0110U ANTU PAVELI\u0106A, DOBIO ULICU U ZEMUNU"},"content":{"rendered":"<p>Odbornici Skup\u0161tine grada Beograda usvojili su danas odluku da Zagorska ulica u Zemunu promeni naziv u ulicu Blagoja Jovovi\u0107a. On je u osvetni\u010dkoj misiji u Argentini 1957. godine te\u0161ko ranio poglavnika Hrvatske Antu Paveli\u0107a, koji je od posledica preminuo u Madridu. Titovi komunisti su posle drugog svetskog rata rehabilitovali zlo\u010dine Hrvata nad Srbima zbog politike pomirenja \u0161to su Srbi komunisti u Hrvatskoj prihvatili i napravili gre\u0161ku, jer su 1990. godine izba\u010deni iz Ustava Hrvatske kao konstitutivni narod. Paveli\u0107a komunisti nisu sudili ni u odsustvu, ali on je ve\u0107 bio osu\u0111en na smrt 1934. godine u Krajevini Jugoslaviji i Francuskoj zbog u\u010de\u0161\u0107a u atentatu na kralja Aleksandra, tako je atentan samo sprovo\u0111enje te presude. Pod Paveli\u0107evom vla\u0161\u0107u u saradnji sa Rimokatoli\u010dkom crkvom i kardinalom Alojzijem Stepincem, Srbi, Jevreji i Romi ubijani u 23 logora, Zemaljska komisija FNRJ utvrdila je da je samo u Jasenovcu najbrutalnije no\u017eem, \u010deki\u0107em i sekirom likvidirano preko 700 hiljada Srba i antifa\u0161ista, kao i manji broj Jevreja i Roma, te zanemarljivo komunista. Hrvati \u0107e ostati upam\u0107eni u istoriji genocida po logorima za decu u franjeva\u010dkim samostanima o kojima su brinule \u010dasne sestre. Mortalitet je bio veoma visok zbog lo\u0161e higijene i uslova sme\u0161taja, kao i raznih zlodela prema deci. Rasni zakoni i odluke su va\u017eili za Srbe, Jevreje i Rome. Za vreme drugog svetskog rata na teritoriji zlo\u010dina\u010dke NDH nalazile su se partizanske jedinice pod rukovodstvom komuniste Josipa Broza Tita, \u0161to potvr\u0111uje sporazum o nenapadanju, pa prelazak usta\u0161a u partizane 1943. godine, kao i raniji sporazumi pre rata izme\u0111u usta\u0161a i komunista, ali kasniji koji se vide kroz povratak iz izbegli\u0161tva 1976. godine predstavnika NDH u Vatikanu i uposlenika u institutu Sveti Jeronim, organizatora prebacivanja usta\u0161a u Ju\u017enu i Severnu Ameriku, vele\u010dasnog Krunoslava Draganovi\u0107a u SFRJ.\u00a0 Komunisti su posle drugog svetskog rata rehabilitovali zlo\u010dine Hrvata nad Srbima i tako po\u010dinili ponovo zlo\u010din nad ubijenima. Paveli\u0107u nisu sudili u odsustvu, ali on je ve\u0107 bio osu\u0111en na smrt 1934. godine u Kraljevini Jugoslaviji i Francuskoj zbog u\u010de\u0161\u0107a u atentatu na kralja Aleksandra.<\/p>\n<div id='gallery-1' class='gallery galleryid-24737 gallery-columns-5 gallery-size-thumbnail'><figure class='gallery-item'>\n\t\t\t<div class='gallery-icon landscape'>\n\t\t\t\t<a href='https:\/\/centralmedia.rs\/index.php\/2020\/07\/30\/srpski-heroj-blagoje-jovovic-koji-je-izvrsio-atentat-na-hrvatskog-poglavnika-antu-pavelica-dobio-ulicu-u-zemunu\/casne-sestre\/'><img loading=\"lazy\" decoding=\"async\" width=\"150\" height=\"150\" src=\"https:\/\/centralmedia.rs\/wp-content\/uploads\/2020\/07\/casne-sestre-150x150.jpeg\" class=\"attachment-thumbnail size-thumbnail\" alt=\"\" \/><\/a>\n\t\t\t<\/div><\/figure><figure class='gallery-item'>\n\t\t\t<div class='gallery-icon landscape'>\n\t\t\t\t<a href='https:\/\/centralmedia.rs\/index.php\/2020\/07\/30\/srpski-heroj-blagoje-jovovic-koji-je-izvrsio-atentat-na-hrvatskog-poglavnika-antu-pavelica-dobio-ulicu-u-zemunu\/deca-5\/'><img loading=\"lazy\" decoding=\"async\" width=\"150\" height=\"150\" src=\"https:\/\/centralmedia.rs\/wp-content\/uploads\/2020\/07\/deca-150x150.jpeg\" class=\"attachment-thumbnail size-thumbnail\" alt=\"\" \/><\/a>\n\t\t\t<\/div><\/figure><figure class='gallery-item'>\n\t\t\t<div class='gallery-icon landscape'>\n\t\t\t\t<a href='https:\/\/centralmedia.rs\/index.php\/2020\/07\/30\/srpski-heroj-blagoje-jovovic-koji-je-izvrsio-atentat-na-hrvatskog-poglavnika-antu-pavelica-dobio-ulicu-u-zemunu\/gradiska\/'><img loading=\"lazy\" decoding=\"async\" width=\"150\" height=\"150\" src=\"https:\/\/centralmedia.rs\/wp-content\/uploads\/2020\/07\/gradiska-150x150.jpeg\" class=\"attachment-thumbnail size-thumbnail\" alt=\"\" \/><\/a>\n\t\t\t<\/div><\/figure><figure class='gallery-item'>\n\t\t\t<div class='gallery-icon landscape'>\n\t\t\t\t<a href='https:\/\/centralmedia.rs\/index.php\/2020\/07\/30\/srpski-heroj-blagoje-jovovic-koji-je-izvrsio-atentat-na-hrvatskog-poglavnika-antu-pavelica-dobio-ulicu-u-zemunu\/zagreb\/'><img loading=\"lazy\" decoding=\"async\" width=\"150\" height=\"150\" src=\"https:\/\/centralmedia.rs\/wp-content\/uploads\/2020\/07\/zagreb-150x150.jpeg\" class=\"attachment-thumbnail size-thumbnail\" alt=\"\" \/><\/a>\n\t\t\t<\/div><\/figure><figure class='gallery-item'>\n\t\t\t<div class='gallery-icon landscape'>\n\t\t\t\t<a href='https:\/\/centralmedia.rs\/index.php\/2020\/07\/30\/srpski-heroj-blagoje-jovovic-koji-je-izvrsio-atentat-na-hrvatskog-poglavnika-antu-pavelica-dobio-ulicu-u-zemunu\/pavelic-i-stepinac\/'><img loading=\"lazy\" decoding=\"async\" width=\"150\" height=\"150\" src=\"https:\/\/centralmedia.rs\/wp-content\/uploads\/2020\/07\/pavelic-i-stepinac-150x150.jpg\" class=\"attachment-thumbnail size-thumbnail\" alt=\"\" \/><\/a>\n\t\t\t<\/div><\/figure>\n\t\t<\/div>\n\n<p>ZBOG preimenovanja Zagorske ulice u Zemunu u ulicu Blagoja Jovovi\u0107a njegova porodica uputila je pismo zahvalnosti u kome se zahvaljuju na inicijativi ,,za imenovanje jedne od va\u017enih ulica u prestonici republike Srbije, gradu Beogradu, u \u010dast ratnog borca i heroja na\u0161eg supruga i oca Blagoja Jovovi\u0107a&#8221;.<\/p>\n<p>&#8211; Drago nam je da Republika Srbija i grad Beograd ne zaboravljaju svoje heroje.<\/p>\n<p>Ta inicijativa omogu\u0107ava da progovori pravda i da se prepozna istorijska istina i va\u017enost koju je imao planirani i hrabri atentat koji je na\u0161 Blagoje u\u010dinio protiv ratnog zlo\u010dinca poglavnika Ante Paveli\u0107a.<\/p>\n<p>Ovaj herojski \u010din je izvr\u0161en uz pomo\u0107 i drugih patriota Srba iz Buenos Ajresa.<\/p>\n<p>Istaknimo samo o\u010dinski blagoslov koji je Blagoje imao od strane sve\u0161tenika Radojice Popovi\u0107a.<\/p>\n<p>Na\u0161 dragi Blagoje je morao da \u017eivi \u010duvaju\u0107i tu tajnu u ti\u0161ini svoje porodice vi\u0161e od pedeset godina sve dok ga mitropolit Amfilohije, prilikom njegove posete manastiru Ostrogu, nije nagovorio da otkrije istinu svima.<\/p>\n<p>Blagoje je do poslednjeg daha pre\u017eivljavao duboko emotivno sudbinu svog naroda u \u0161iroj otad\u017ebini u toku poslednjih ratnih doga\u0111anja u biv\u0161oj Jugoslaviji, a naro\u010dito sudbinu svetog Kosova i Metohije, i tako je i predao svoju du\u0161u Bogu.<\/p>\n<p>Dvadeset godina nakon smrti Blagoja Jovovi\u0107a, ovaj projekat i priznanje uzdi\u017eu lik Blagoja Jovovi\u0107a na nivo velikih sinova srpskog naroda i ostavljaju njegov lik na pravo mesto u istoriji kao primer na kojem se u\u010de pokoljenja.<\/p>\n<p>Njegov primer je pre svega svedo\u010danstvo o ljubavi prema svojoj Otad\u017ebini i Crkvi, srpskim vrednostima koje su mu usadili njegovi preci i primer sna\u017ene posve\u0107enosti se\u0107anju na ogromni broj nevinih \u017ertava koje je srpski narod podnio u NDH i posebno u koncentracionom logoru Jasenovac, stoji u pismu zahvalnosti porodice Jovovi\u0107 iz Argentine.<\/p>\n<p>Branko Najhold, hroni\u010dar Zemuna u svom izdanju \u2013 \u201eHronika Zemuna od 1941. do 2000.\u201c navodi da su po progla\u0161enju Zemuna sastavnim delom NDH, Srbi su masovno pre\u0161li u Beograd da ne bi bili izlo\u017eeni usta\u0161kim progonima. \u010cak su i sportska dru\u0161tva preme\u0161tena u Beograd. Najja\u010de Sportsko dru\u0161tvo \u201eVitez\u201c kompletno je preseljeno u prestonicu i tamo nastavilo da se takmi\u010di do kraja rata.<\/p>\n<p>\u2013 Zna\u010dajno je da su Nemci omogu\u0107ili Srbima da pre\u0111u u Beograd upravo da bi ih spasli. Otvorena je granica izme\u0111u Beograda i Zemuna na period od 48 sati po progla\u0161enju grada teritorijom NDH. Ima \u010dak primera da su doma\u0107i Nemci, po\u0161to je Zemun imao nema\u010dko predgra\u0111e, savetovali kom\u0161ijama Srbima da se sklone zato \u0161to su imali tajne usta\u0161ke spiskove koga treba likvidirati. Nemci su bili disciplinovana vojska, da tako ka\u017eem. Ko im je smetao, oni su ga sami likvidirali, ali nad nedu\u017enim stanovni\u0161tvom nisu vr\u0161ili represalije \u2013 obja\u0161njava Najhold.<\/p>\n<p>Dana\u0161nja Glavna ulica u Zemunu se tokom NDH zvala Ante Paveli\u0107a, a Gospodska je nosila ime Adolfa Hitlera.<\/p>\n<p>&nbsp;<\/p>\n<p>&nbsp;<\/p>\n","protected":false},"excerpt":{"rendered":"<p>Odbornici Skup\u0161tine grada Beograda usvojili su danas odluku da Zagorska ulica u Zemunu promeni naziv u ulicu Blagoja Jovovi\u0107a. On je u osvetni\u010dkoj misiji u &hellip; <\/p>\n","protected":false},"author":2,"featured_media":24738,"comment_status":"open","ping_status":"open","sticky":false,"template":"","format":"standard","meta":{"footnotes":""},"categories":[14,2,12],"tags":[4764,4763,4762],"_links":{"self":[{"href":"https:\/\/centralmedia.rs\/index.php\/wp-json\/wp\/v2\/posts\/24737"}],"collection":[{"href":"https:\/\/centralmedia.rs\/index.php\/wp-json\/wp\/v2\/posts"}],"about":[{"href":"https:\/\/centralmedia.rs\/index.php\/wp-json\/wp\/v2\/types\/post"}],"author":[{"embeddable":true,"href":"https:\/\/centralmedia.rs\/index.php\/wp-json\/wp\/v2\/users\/2"}],"replies":[{"embeddable":true,"href":"https:\/\/centralmedia.rs\/index.php\/wp-json\/wp\/v2\/comments?post=24737"}],"version-history":[{"count":8,"href":"https:\/\/centralmedia.rs\/index.php\/wp-json\/wp\/v2\/posts\/24737\/revisions"}],"predecessor-version":[{"id":24755,"href":"https:\/\/centralmedia.rs\/index.php\/wp-json\/wp\/v2\/posts\/24737\/revisions\/24755"}],"wp:featuredmedia":[{"embeddable":true,"href":"https:\/\/centralmedia.rs\/index.php\/wp-json\/wp\/v2\/media\/24738"}],"wp:attachment":[{"href":"https:\/\/centralmedia.rs\/index.php\/wp-json\/wp\/v2\/media?parent=24737"}],"wp:term":[{"taxonomy":"category","embeddable":true,"href":"https:\/\/centralmedia.rs\/index.php\/wp-json\/wp\/v2\/categories?post=24737"},{"taxonomy":"post_tag","embeddable":true,"href":"https:\/\/centralmedia.rs\/index.php\/wp-json\/wp\/v2\/tags?post=24737"}],"curies":[{"name":"wp","href":"https:\/\/api.w.org\/{rel}","templated":true}]}}