{"id":24767,"date":"2020-08-01T10:10:56","date_gmt":"2020-08-01T10:10:56","guid":{"rendered":"http:\/\/centralmedia.rs\/?p=24767"},"modified":"2020-08-05T21:53:48","modified_gmt":"2020-08-05T21:53:48","slug":"konstituisana-vlast-u-svilajncu","status":"publish","type":"post","link":"https:\/\/centralmedia.rs\/index.php\/2020\/08\/01\/konstituisana-vlast-u-svilajncu\/","title":{"rendered":"KONSTITUISANA VLAST U SVILAJNCU"},"content":{"rendered":"<p>PARA\u0106IN- Na sednici novog saziva SO Svilajnac, koja je zbog epidemiolo\u0161ke situacije odr\u017eana u Centru za kulturu, za predsednika Op\u0161tine Svilajnac izabran je Predrag Milanovi\u0107. Na sednici je za zamenika predsednika Op\u0161tine izabrana Dragana Radevi\u0107, kao i \u010dlanovi novog Op\u0161tinskog ve\u0107a. Milanovi\u0107 je, nakon izbora na jo\u0161 jedan mandat predsednika Op\u0161tine, pozvao sve odborni\u010dke grupe da se uklju\u010de u rad lokalne samouprave i poru\u010dio da \u0107e Op\u0161tina Svilajnac nastaviti da stvara bolje uslove za \u017eivot i rad svih gra\u0111ana, ali da je u ovom trenutku prioritet za\u0161tita zdravlja stanovnika i borba protiv koronavirusa.<\/p>\n","protected":false},"excerpt":{"rendered":"<p>PARA\u0106IN- Na sednici novog saziva SO Svilajnac, koja je zbog epidemiolo\u0161ke situacije odr\u017eana u Centru za kulturu, za predsednika Op\u0161tine Svilajnac izabran je Predrag Milanovi\u0107. &hellip; <\/p>\n","protected":false},"author":2,"featured_media":24769,"comment_status":"open","ping_status":"open","sticky":false,"template":"","format":"standard","meta":{"footnotes":""},"categories":[1524,2,13,887,12,1517],"tags":[4769,1233],"_links":{"self":[{"href":"https:\/\/centralmedia.rs\/index.php\/wp-json\/wp\/v2\/posts\/24767"}],"collection":[{"href":"https:\/\/centralmedia.rs\/index.php\/wp-json\/wp\/v2\/posts"}],"about":[{"href":"https:\/\/centralmedia.rs\/index.php\/wp-json\/wp\/v2\/types\/post"}],"author":[{"embeddable":true,"href":"https:\/\/centralmedia.rs\/index.php\/wp-json\/wp\/v2\/users\/2"}],"replies":[{"embeddable":true,"href":"https:\/\/centralmedia.rs\/index.php\/wp-json\/wp\/v2\/comments?post=24767"}],"version-history":[{"count":1,"href":"https:\/\/centralmedia.rs\/index.php\/wp-json\/wp\/v2\/posts\/24767\/revisions"}],"predecessor-version":[{"id":24770,"href":"https:\/\/centralmedia.rs\/index.php\/wp-json\/wp\/v2\/posts\/24767\/revisions\/24770"}],"wp:featuredmedia":[{"embeddable":true,"href":"https:\/\/centralmedia.rs\/index.php\/wp-json\/wp\/v2\/media\/24769"}],"wp:attachment":[{"href":"https:\/\/centralmedia.rs\/index.php\/wp-json\/wp\/v2\/media?parent=24767"}],"wp:term":[{"taxonomy":"category","embeddable":true,"href":"https:\/\/centralmedia.rs\/index.php\/wp-json\/wp\/v2\/categories?post=24767"},{"taxonomy":"post_tag","embeddable":true,"href":"https:\/\/centralmedia.rs\/index.php\/wp-json\/wp\/v2\/tags?post=24767"}],"curies":[{"name":"wp","href":"https:\/\/api.w.org\/{rel}","templated":true}]}}