{"id":24771,"date":"2020-08-02T11:55:13","date_gmt":"2020-08-02T11:55:13","guid":{"rendered":"http:\/\/centralmedia.rs\/?p=24771"},"modified":"2020-08-09T12:44:33","modified_gmt":"2020-08-09T12:44:33","slug":"savez-raseljenih-sa-kim-boris-milosevic-ponizava-sve-srpske-prognanike-slaveci-najveci-zlocin-u-20-veku-u-evropi","status":"publish","type":"post","link":"https:\/\/centralmedia.rs\/index.php\/2020\/08\/02\/savez-raseljenih-sa-kim-boris-milosevic-ponizava-sve-srpske-prognanike-slaveci-najveci-zlocin-u-20-veku-u-evropi\/","title":{"rendered":"SAVEZ RASELJENIH SA KIM: BORIS MILO\u0160EVI\u0106 PONI\u017dAVA SVE SRPSKE PROGNANIKE SLAVE\u0106I NAJVE\u0106I ZLO\u010cIN U 20. VEKU U EVROPI"},"content":{"rendered":"<p>Predsednik Saveza raseljenih sa Kosova i Metohije Mio\u0161 Stojkovi\u0107 izjavio je da najava prisustvovanja proslavi 25. godina od najve\u0107eg zlo\u010dina u Evropi u 20. veku, genocida Hrvata nad Srbima i proterivanje 500.000 Srba, predstavnika Srba u Hrvatskoj \u00a0Borisa Milo\u0161evi\u0107a &#8211; SDSS jednako boli sve Srpske prognanike, bilo da su sa Kosova i Metohije ili Hrvatske.<\/p>\n<p>&#8211; To je dodatno poni\u017eenje za svakog Srpskog prognanika i poni\u017eenje srpskog stradanja. Takvi ljudi vi\u0161e ne mogu da budu pripadnici Srpskog naroda, jer se prodaju za li\u010dne interese, zanemaruju\u0107i Srpsku zajednicu u Hrvatskoj. Sumnjamo da se radi o isklju\u010divo li\u010dnom, a ne kako \u017eele da se predstavi kolektivnom interesu Srba u Hrvatskoj, poru\u010dio je Stojkovi\u0107.<\/p>\n<p>On isti\u010de da raseljeni sa Kosova i Metohije smatraju da je eventualni odlazak Borisa Milo\u0161evi\u0107a u Knin na proslavu 25 godina od genocida Hrvata nad Srpskim narodom poni\u017eenje za sve prognanike iz Hrvatske i KIM.<\/p>\n<p>&#8211; To je sraman \u010din i takav \u010dovek u najmanju ruku ne mo\u017ee se smatrati Srbinom. Potpuno je neshvatljivo da neko ide na proslavu ,,Oluje&#8221;, najve\u0107eg zlo\u010dina u Evropi u 20. veku koji se obele\u017eava kao ,,osloba\u0111anje&#8221; Hrvatske od Srba, tamo ode kao Srbin. On bi se na taj na\u010din odrekao svih mu\u010denika i stradalnika. To je i za nas prognane sa Kosova i Metohije neprihvatljivo. To je isto kao kada bi predstavnik Srba oti\u0161ao u spomen park teroriste i zikovca Ja\u0161arija, time bi se narugao svim prognanicima sa Kosova i Metohije, zaklju\u010dio je Stojkovi\u0107.<\/p>\n","protected":false},"excerpt":{"rendered":"<p>Predsednik Saveza raseljenih sa Kosova i Metohije Mio\u0161 Stojkovi\u0107 izjavio je da najava prisustvovanja proslavi 25. godina od najve\u0107eg zlo\u010dina u Evropi u 20. veku, &hellip; <\/p>\n","protected":false},"author":2,"featured_media":24772,"comment_status":"open","ping_status":"open","sticky":false,"template":"","format":"standard","meta":{"footnotes":""},"categories":[14,2,12],"tags":[4770,1979,4771,4772],"_links":{"self":[{"href":"https:\/\/centralmedia.rs\/index.php\/wp-json\/wp\/v2\/posts\/24771"}],"collection":[{"href":"https:\/\/centralmedia.rs\/index.php\/wp-json\/wp\/v2\/posts"}],"about":[{"href":"https:\/\/centralmedia.rs\/index.php\/wp-json\/wp\/v2\/types\/post"}],"author":[{"embeddable":true,"href":"https:\/\/centralmedia.rs\/index.php\/wp-json\/wp\/v2\/users\/2"}],"replies":[{"embeddable":true,"href":"https:\/\/centralmedia.rs\/index.php\/wp-json\/wp\/v2\/comments?post=24771"}],"version-history":[{"count":1,"href":"https:\/\/centralmedia.rs\/index.php\/wp-json\/wp\/v2\/posts\/24771\/revisions"}],"predecessor-version":[{"id":24773,"href":"https:\/\/centralmedia.rs\/index.php\/wp-json\/wp\/v2\/posts\/24771\/revisions\/24773"}],"wp:featuredmedia":[{"embeddable":true,"href":"https:\/\/centralmedia.rs\/index.php\/wp-json\/wp\/v2\/media\/24772"}],"wp:attachment":[{"href":"https:\/\/centralmedia.rs\/index.php\/wp-json\/wp\/v2\/media?parent=24771"}],"wp:term":[{"taxonomy":"category","embeddable":true,"href":"https:\/\/centralmedia.rs\/index.php\/wp-json\/wp\/v2\/categories?post=24771"},{"taxonomy":"post_tag","embeddable":true,"href":"https:\/\/centralmedia.rs\/index.php\/wp-json\/wp\/v2\/tags?post=24771"}],"curies":[{"name":"wp","href":"https:\/\/api.w.org\/{rel}","templated":true}]}}