{"id":24792,"date":"2020-08-04T09:50:54","date_gmt":"2020-08-04T09:50:54","guid":{"rendered":"http:\/\/centralmedia.rs\/?p=24792"},"modified":"2020-08-09T12:44:57","modified_gmt":"2020-08-09T12:44:57","slug":"palma-ovaj-sto-ide-u-knin-predstavlja-samo-sebe-a-ne-srbe-iz-hrvatske","status":"publish","type":"post","link":"https:\/\/centralmedia.rs\/index.php\/2020\/08\/04\/palma-ovaj-sto-ide-u-knin-predstavlja-samo-sebe-a-ne-srbe-iz-hrvatske\/","title":{"rendered":"PALMA : OVAJ \u0160TO IDE U KNIN PREDSTAVLjA SAMO SEBE, A NE SRBE IZ HRVATSKE"},"content":{"rendered":"<p>\u201cOvaj \u0161to ide na proslavu genocida i najve\u0107eg etni\u010dkog \u010di\u0161\u0107enja od Drugog svetskog rata u Knin, \u010dije ime ne\u0107u ni da pominjem, ide li\u010dno u svoje ime i dela svoje porodice koji su bili na strani i pod komandom Ante Gotovine za vreme Oluje, a negova baba koju su ubili vojnici pod komandom Ante Gotovine se prevr\u0107e u grobu. Taj u Kninu ne predstavlja srpski narod. Njegovim odlaskom u Knin ponovo se ubijaju Srbi iz kolone. Da li je odlazak tog potpredsednika Vlade Hrvatske na proslavu Oluje u Knin, cena za funkciju koju je dobio. Da li se Srbi proterani iz Hrvatske koji su danas gra\u0111ani Srbije sla\u017eu sa tim potpredsednikom Vlade Hrvatske da zajedno sa Gotovinom slavi Oluju u Kninu? Odgovor je u stopostotnom procentu NE. Pitam se dokle \u0107e Brankovi\u0107i da nanose \u0161tetu srpskom narodu i Srbiji\u201d izjavio je predsednik Jedinstvene Srbije Dragan Markovi\u0107 Palma.<\/p>\n<p>TA\u010cI I GOTOVINA DA BUDU CIMERI U HA\u0160KOM TRIBUNALU<\/p>\n<p>\u201cOluja je nastavak Jasenovca, a dana\u0161nja Hrvatska je nastavak usta\u0161ke Nezavisne Dr\u017eave Hrvatske iz Drugog svetskog rata. Ono \u0161to nije zavr\u0161io Ante Paveli\u0107 od 1941. do 1945. zavr\u0161ili su Franjo Tu\u0111man i Ante Gotovina od 1991. do 1995. godine, a to je etni\u010dki \u010dista Hrvatska bez Srba. Srbe su pobili, proterali, a njhovu imovinu oplja\u010dkali i zapalili. To je Oluja \u2013 najve\u0107i genocid posle Drugog svetskog rata. Oluja je jedina vojna i policijska operacija u doga\u0111ajima devedestih godina na prostoru biv\u0161e Jugoslavije koja ima sve elemente genocida, nameru, nare\u0111enje i izvr\u0161enje. Anti Gotovini, koji je komandovao genocidom i etni\u010dkim \u010di\u0161\u0107enjem koji se zove Oluja, koji je komandovao ubijanjem civila, staraca, dece, \u017eena i izbeglica u koloni. a koji \u0107e govoriti na proslavi tog zlo\u010dina u Kninu, je mesto u zatvoru Ha\u0161kog tribunala, kao \u0161to je tamo mesto i Ha\u0161imu Ta\u010diju, koji je komandovao gencidom i etni\u010dkim \u010di\u0161\u0107enjem na Kosovu i Metohiji.\u201d, zaklju\u010dio je Markovi\u0107.<\/p>\n","protected":false},"excerpt":{"rendered":"<p>\u201cOvaj \u0161to ide na proslavu genocida i najve\u0107eg etni\u010dkog \u010di\u0161\u0107enja od Drugog svetskog rata u Knin, \u010dije ime ne\u0107u ni da pominjem, ide li\u010dno u &hellip; <\/p>\n","protected":false},"author":2,"featured_media":16269,"comment_status":"open","ping_status":"open","sticky":false,"template":"","format":"standard","meta":{"footnotes":""},"categories":[1524,2,1514,13,12],"tags":[3280,1979,4767,907,120,4777,4776],"_links":{"self":[{"href":"https:\/\/centralmedia.rs\/index.php\/wp-json\/wp\/v2\/posts\/24792"}],"collection":[{"href":"https:\/\/centralmedia.rs\/index.php\/wp-json\/wp\/v2\/posts"}],"about":[{"href":"https:\/\/centralmedia.rs\/index.php\/wp-json\/wp\/v2\/types\/post"}],"author":[{"embeddable":true,"href":"https:\/\/centralmedia.rs\/index.php\/wp-json\/wp\/v2\/users\/2"}],"replies":[{"embeddable":true,"href":"https:\/\/centralmedia.rs\/index.php\/wp-json\/wp\/v2\/comments?post=24792"}],"version-history":[{"count":1,"href":"https:\/\/centralmedia.rs\/index.php\/wp-json\/wp\/v2\/posts\/24792\/revisions"}],"predecessor-version":[{"id":24793,"href":"https:\/\/centralmedia.rs\/index.php\/wp-json\/wp\/v2\/posts\/24792\/revisions\/24793"}],"wp:featuredmedia":[{"embeddable":true,"href":"https:\/\/centralmedia.rs\/index.php\/wp-json\/wp\/v2\/media\/16269"}],"wp:attachment":[{"href":"https:\/\/centralmedia.rs\/index.php\/wp-json\/wp\/v2\/media?parent=24792"}],"wp:term":[{"taxonomy":"category","embeddable":true,"href":"https:\/\/centralmedia.rs\/index.php\/wp-json\/wp\/v2\/categories?post=24792"},{"taxonomy":"post_tag","embeddable":true,"href":"https:\/\/centralmedia.rs\/index.php\/wp-json\/wp\/v2\/tags?post=24792"}],"curies":[{"name":"wp","href":"https:\/\/api.w.org\/{rel}","templated":true}]}}