{"id":24794,"date":"2020-08-04T10:08:57","date_gmt":"2020-08-04T10:08:57","guid":{"rendered":"http:\/\/centralmedia.rs\/?p=24794"},"modified":"2020-08-09T12:45:05","modified_gmt":"2020-08-09T12:45:05","slug":"svilajnac-gradi-toplanu-i-zatvara-12-kotlarnica-na-ugalj-i-mazut","status":"publish","type":"post","link":"https:\/\/centralmedia.rs\/index.php\/2020\/08\/04\/svilajnac-gradi-toplanu-i-zatvara-12-kotlarnica-na-ugalj-i-mazut\/","title":{"rendered":"SVILAJNAC GRADI TOPLANU I ZATVARA 12 KOTLARNICA NA UGALJ I MAZUT"},"content":{"rendered":"<p>SVILAJNAC- Predsednik op\u0161tine Svilajnac Predrag Milanovi\u0107 je danas obi\u0161ao radove na izgradnji nove kotlarnice, koja \u0107e zameniti 12 kotlarnica na ugalj i mazut. Toplana \u0107e kao energente koristiti drvnu se\u010dku i prirodni gas i greja\u0107e u prvoj fazi preko 22.000 kvadrata koji obuhvataju objekte Sportske hale, Osnovne \u0161kole \u201eJ.J. Zmaj\u201c, Poljoprivredno veterinarske \u0161kole sa domom u\u010denika \u201eSvilajnac\u201c i Doma zdravlja u Svilajncu, bi\u0107e zatvorene \u010detiri kotlarnice na mazut i ugalj. U drugoj fazi, na ovu toplanu bi\u0107e priklju\u010den administrativni centar grada \u2013 op\u0161tinske uprave, zgrada \u201eKomiteta\u201c, zgrade suda, katastra, Centra za socijalni rad, Centar za kulturu, JKP \u201eMorava\u201c, dve zgrade Srednje \u0161kole i zatvara se jo\u0161 osam kotlarnica na mazut i ugalj, precizirano je u saop\u0161tenju.<\/p>\n<p>-Ovaj projekat radimo zajedno sa Vladom Srbije i veoma je zna\u010dajan za Svilajnac jer \u0107e kotlarnica na biomasu dovesti do zatvaranja kotlarnica koje rade na mazut \u010dime unapre\u0111ujemo ekolo\u0161ku situaciju u op\u0161tini. Ovo \u0107e, tako\u0111e, smanjiti i tro\u0161kove nabavke energenata, izjavio je Milanovi\u0107.<\/p>\n<p>Vrednost radova u prvoj fazi je 220 miliona dinara, saop\u0161teno je ranije iz op\u0161tine Svilajnac.<\/p>\n<div id='gallery-1' class='gallery galleryid-24794 gallery-columns-3 gallery-size-full'><figure class='gallery-item'>\n\t\t\t<div class='gallery-icon landscape'>\n\t\t\t\t<a href='https:\/\/centralmedia.rs\/index.php\/2020\/08\/04\/svilajnac-gradi-toplanu-i-zatvara-12-kotlarnica-na-ugalj-i-mazut\/toplana-svilajnac1\/'><img loading=\"lazy\" decoding=\"async\" width=\"2048\" height=\"1365\" src=\"https:\/\/centralmedia.rs\/wp-content\/uploads\/2020\/08\/toplana-svilajnac1.jpg\" class=\"attachment-full size-full\" alt=\"\" srcset=\"https:\/\/centralmedia.rs\/wp-content\/uploads\/2020\/08\/toplana-svilajnac1.jpg 2048w, https:\/\/centralmedia.rs\/wp-content\/uploads\/2020\/08\/toplana-svilajnac1-300x200.jpg 300w, https:\/\/centralmedia.rs\/wp-content\/uploads\/2020\/08\/toplana-svilajnac1-768x512.jpg 768w, https:\/\/centralmedia.rs\/wp-content\/uploads\/2020\/08\/toplana-svilajnac1-1024x683.jpg 1024w, https:\/\/centralmedia.rs\/wp-content\/uploads\/2020\/08\/toplana-svilajnac1-630x420.jpg 630w, https:\/\/centralmedia.rs\/wp-content\/uploads\/2020\/08\/toplana-svilajnac1-640x427.jpg 640w, https:\/\/centralmedia.rs\/wp-content\/uploads\/2020\/08\/toplana-svilajnac1-681x454.jpg 681w\" sizes=\"(max-width: 2048px) 100vw, 2048px\" \/><\/a>\n\t\t\t<\/div><\/figure><figure class='gallery-item'>\n\t\t\t<div class='gallery-icon landscape'>\n\t\t\t\t<a href='https:\/\/centralmedia.rs\/index.php\/2020\/08\/04\/svilajnac-gradi-toplanu-i-zatvara-12-kotlarnica-na-ugalj-i-mazut\/toplana-svilajnac2\/'><img loading=\"lazy\" decoding=\"async\" width=\"2031\" height=\"1494\" src=\"https:\/\/centralmedia.rs\/wp-content\/uploads\/2020\/08\/toplana-svilajnac2.jpg\" class=\"attachment-full size-full\" alt=\"\" srcset=\"https:\/\/centralmedia.rs\/wp-content\/uploads\/2020\/08\/toplana-svilajnac2.jpg 2031w, https:\/\/centralmedia.rs\/wp-content\/uploads\/2020\/08\/toplana-svilajnac2-300x221.jpg 300w, https:\/\/centralmedia.rs\/wp-content\/uploads\/2020\/08\/toplana-svilajnac2-768x565.jpg 768w, https:\/\/centralmedia.rs\/wp-content\/uploads\/2020\/08\/toplana-svilajnac2-1024x753.jpg 1024w, https:\/\/centralmedia.rs\/wp-content\/uploads\/2020\/08\/toplana-svilajnac2-571x420.jpg 571w, https:\/\/centralmedia.rs\/wp-content\/uploads\/2020\/08\/toplana-svilajnac2-80x60.jpg 80w, https:\/\/centralmedia.rs\/wp-content\/uploads\/2020\/08\/toplana-svilajnac2-100x75.jpg 100w, https:\/\/centralmedia.rs\/wp-content\/uploads\/2020\/08\/toplana-svilajnac2-640x471.jpg 640w, https:\/\/centralmedia.rs\/wp-content\/uploads\/2020\/08\/toplana-svilajnac2-681x501.jpg 681w\" sizes=\"(max-width: 2031px) 100vw, 2031px\" \/><\/a>\n\t\t\t<\/div><\/figure><figure class='gallery-item'>\n\t\t\t<div class='gallery-icon landscape'>\n\t\t\t\t<a href='https:\/\/centralmedia.rs\/index.php\/2020\/08\/04\/svilajnac-gradi-toplanu-i-zatvara-12-kotlarnica-na-ugalj-i-mazut\/toplana-svilajnac\/'><img loading=\"lazy\" decoding=\"async\" width=\"2048\" height=\"1365\" src=\"https:\/\/centralmedia.rs\/wp-content\/uploads\/2020\/08\/toplana-svilajnac.jpg\" class=\"attachment-full size-full\" alt=\"\" srcset=\"https:\/\/centralmedia.rs\/wp-content\/uploads\/2020\/08\/toplana-svilajnac.jpg 2048w, https:\/\/centralmedia.rs\/wp-content\/uploads\/2020\/08\/toplana-svilajnac-300x200.jpg 300w, https:\/\/centralmedia.rs\/wp-content\/uploads\/2020\/08\/toplana-svilajnac-768x512.jpg 768w, https:\/\/centralmedia.rs\/wp-content\/uploads\/2020\/08\/toplana-svilajnac-1024x683.jpg 1024w, https:\/\/centralmedia.rs\/wp-content\/uploads\/2020\/08\/toplana-svilajnac-630x420.jpg 630w, https:\/\/centralmedia.rs\/wp-content\/uploads\/2020\/08\/toplana-svilajnac-640x427.jpg 640w, https:\/\/centralmedia.rs\/wp-content\/uploads\/2020\/08\/toplana-svilajnac-681x454.jpg 681w\" sizes=\"(max-width: 2048px) 100vw, 2048px\" \/><\/a>\n\t\t\t<\/div><\/figure>\n\t\t<\/div>\n\n","protected":false},"excerpt":{"rendered":"<p>SVILAJNAC- Predsednik op\u0161tine Svilajnac Predrag Milanovi\u0107 je danas obi\u0161ao radove na izgradnji nove kotlarnice, koja \u0107e zameniti 12 kotlarnica na ugalj i mazut. Toplana \u0107e &hellip; <\/p>\n","protected":false},"author":2,"featured_media":24795,"comment_status":"open","ping_status":"open","sticky":false,"template":"","format":"standard","meta":{"footnotes":""},"categories":[22,1524,2,887,12,1517],"tags":[38,233],"_links":{"self":[{"href":"https:\/\/centralmedia.rs\/index.php\/wp-json\/wp\/v2\/posts\/24794"}],"collection":[{"href":"https:\/\/centralmedia.rs\/index.php\/wp-json\/wp\/v2\/posts"}],"about":[{"href":"https:\/\/centralmedia.rs\/index.php\/wp-json\/wp\/v2\/types\/post"}],"author":[{"embeddable":true,"href":"https:\/\/centralmedia.rs\/index.php\/wp-json\/wp\/v2\/users\/2"}],"replies":[{"embeddable":true,"href":"https:\/\/centralmedia.rs\/index.php\/wp-json\/wp\/v2\/comments?post=24794"}],"version-history":[{"count":1,"href":"https:\/\/centralmedia.rs\/index.php\/wp-json\/wp\/v2\/posts\/24794\/revisions"}],"predecessor-version":[{"id":24798,"href":"https:\/\/centralmedia.rs\/index.php\/wp-json\/wp\/v2\/posts\/24794\/revisions\/24798"}],"wp:featuredmedia":[{"embeddable":true,"href":"https:\/\/centralmedia.rs\/index.php\/wp-json\/wp\/v2\/media\/24795"}],"wp:attachment":[{"href":"https:\/\/centralmedia.rs\/index.php\/wp-json\/wp\/v2\/media?parent=24794"}],"wp:term":[{"taxonomy":"category","embeddable":true,"href":"https:\/\/centralmedia.rs\/index.php\/wp-json\/wp\/v2\/categories?post=24794"},{"taxonomy":"post_tag","embeddable":true,"href":"https:\/\/centralmedia.rs\/index.php\/wp-json\/wp\/v2\/tags?post=24794"}],"curies":[{"name":"wp","href":"https:\/\/api.w.org\/{rel}","templated":true}]}}