{"id":24812,"date":"2020-08-05T23:05:42","date_gmt":"2020-08-05T23:05:42","guid":{"rendered":"http:\/\/centralmedia.rs\/?p=24812"},"modified":"2020-08-09T12:46:03","modified_gmt":"2020-08-09T12:46:03","slug":"inicijativa-za-promenu-naziva-ulice-generala-jna-zivorada-kostica-u-jagodini","status":"publish","type":"post","link":"https:\/\/centralmedia.rs\/index.php\/2020\/08\/05\/inicijativa-za-promenu-naziva-ulice-generala-jna-zivorada-kostica-u-jagodini\/","title":{"rendered":"INICIJATIVA ZA PROMENU NAZIVA ULICE GENERALA JNA \u017dIVORADA KOSTI\u0106A U JAGODINI"},"content":{"rendered":"<p>JAGODINA &#8211; Odbornik GG Bunt &#8211; Prava Jagodina u Skup\u0161tini grada Jagodina Du\u0161an Markovi\u0107 podneo je peticiju sa 570 potpisa gra\u0111ana i molbu Komisiji za promenu naziva ulica za promenu naziva ulice u naselju Streli\u0161te \u017divorada Kosti\u0107a (1923-1974), generala JNA, u ulicu Aleksandra Ace Rakovi\u0107a (23), podoficira VJ, koji je u borbi poginuo kod \u0110akovice u Nato-\u0161iptarskoj agresiji 9. maja 1999. godine.<\/p>\n<p>U obrazlo\u017eenju stoji da je Rakovi\u0107 poginuo brane\u0107i otad\u017ebinu na Kosovu i Metohiji, kome su prijatelji i me\u0161tani naselja Streli\u0161te, kao i ta GG, pre godinu dana podigli spomenik u dvori\u0161tu zgrade u kojoj je \u017eiveo u ulici \u017divorada Kosti\u0107a.<\/p>\n<p>-Kosti\u0107 je sa 23 godine bio najmla\u0111i predsednik Prekog suda u Jugoslaviji od oslobo\u0111enja oktobra 1944. godine. Ve\u0107ina njegovih \u017ertava je rehabilitovana u postupcima posle 2000. godine. Zbog toga, ovaj \u010dovek ne zaslu\u017euje da ima ulicu u naselju Streli\u0161te, pogotovu \u0161to je naziv naselja nosi naziv po mestu nevino streljanih ljudi, a posle Kosti\u0107evih osuda, navodi se u molbi.<\/p>\n<p>Prema hroni\u010darima tog vremena u Jagodini je od oktobra 1944. godine streljano vi\u0161e hiljada gra\u0111ana iz centralne Srbije samo zato \u0161to se nisu uklapali u model ,,novog komunisti\u010dkog dru\u0161tva&#8221;. Apsurdno je da glavna ulica naselja gde su vr\u0161ena streljanja nosi ime \u010doveka koji je donosio odluke o \u017eivotu ili smrti, te su \u017ertve na taj na\u010din po drugi put ubijene, jer ime d\u017eelata nosi ulica ispred grobnice nevinih.<\/p>\n<p><img loading=\"lazy\" decoding=\"async\" class=\"alignnone wp-image-24814 size-full\" src=\"http:\/\/centralmedia.rs\/wp-content\/uploads\/2020\/08\/inicijativa.jpg\" alt=\"\" width=\"594\" height=\"960\" srcset=\"https:\/\/centralmedia.rs\/wp-content\/uploads\/2020\/08\/inicijativa.jpg 594w, https:\/\/centralmedia.rs\/wp-content\/uploads\/2020\/08\/inicijativa-186x300.jpg 186w, https:\/\/centralmedia.rs\/wp-content\/uploads\/2020\/08\/inicijativa-260x420.jpg 260w\" sizes=\"(max-width: 594px) 100vw, 594px\" \/><\/p>\n","protected":false},"excerpt":{"rendered":"<p>JAGODINA &#8211; Odbornik GG Bunt &#8211; Prava Jagodina u Skup\u0161tini grada Jagodina Du\u0161an Markovi\u0107 podneo je peticiju sa 570 potpisa gra\u0111ana i molbu Komisiji za &hellip; <\/p>\n","protected":false},"author":2,"featured_media":24813,"comment_status":"open","ping_status":"open","sticky":false,"template":"","format":"standard","meta":{"footnotes":""},"categories":[14,1524,2,1514,12],"tags":[3700,58,3983,4782],"_links":{"self":[{"href":"https:\/\/centralmedia.rs\/index.php\/wp-json\/wp\/v2\/posts\/24812"}],"collection":[{"href":"https:\/\/centralmedia.rs\/index.php\/wp-json\/wp\/v2\/posts"}],"about":[{"href":"https:\/\/centralmedia.rs\/index.php\/wp-json\/wp\/v2\/types\/post"}],"author":[{"embeddable":true,"href":"https:\/\/centralmedia.rs\/index.php\/wp-json\/wp\/v2\/users\/2"}],"replies":[{"embeddable":true,"href":"https:\/\/centralmedia.rs\/index.php\/wp-json\/wp\/v2\/comments?post=24812"}],"version-history":[{"count":4,"href":"https:\/\/centralmedia.rs\/index.php\/wp-json\/wp\/v2\/posts\/24812\/revisions"}],"predecessor-version":[{"id":24824,"href":"https:\/\/centralmedia.rs\/index.php\/wp-json\/wp\/v2\/posts\/24812\/revisions\/24824"}],"wp:featuredmedia":[{"embeddable":true,"href":"https:\/\/centralmedia.rs\/index.php\/wp-json\/wp\/v2\/media\/24813"}],"wp:attachment":[{"href":"https:\/\/centralmedia.rs\/index.php\/wp-json\/wp\/v2\/media?parent=24812"}],"wp:term":[{"taxonomy":"category","embeddable":true,"href":"https:\/\/centralmedia.rs\/index.php\/wp-json\/wp\/v2\/categories?post=24812"},{"taxonomy":"post_tag","embeddable":true,"href":"https:\/\/centralmedia.rs\/index.php\/wp-json\/wp\/v2\/tags?post=24812"}],"curies":[{"name":"wp","href":"https:\/\/api.w.org\/{rel}","templated":true}]}}