{"id":24818,"date":"2020-08-05T23:28:06","date_gmt":"2020-08-05T23:28:06","guid":{"rendered":"http:\/\/centralmedia.rs\/?p=24818"},"modified":"2020-08-18T04:22:59","modified_gmt":"2020-08-18T04:22:59","slug":"od-tebe-krece-za-kragujevcane-besplatne-maske-od-plaze","status":"publish","type":"post","link":"https:\/\/centralmedia.rs\/index.php\/2020\/08\/05\/od-tebe-krece-za-kragujevcane-besplatne-maske-od-plaze\/","title":{"rendered":"\u201eOd tebe kre\u0107e\u201c: Za Kragujev\u010dane besplatne maske od Plaze"},"content":{"rendered":"<p>Kragujevac \u2013 \u0160oping centar Kragujevac Plaza podelio je brendirane pamu\u010dne maske za vi\u0161ekratnu upotrebu, pokazuju\u0107i time jo\u0161 jednom brigu za zdravlje i bezbednost svojih zakupaca, posetilaca i sugra\u0111ana.<\/p>\n<p><img loading=\"lazy\" decoding=\"async\" class=\"alignnone wp-image-24820 size-large\" src=\"http:\/\/centralmedia.rs\/wp-content\/uploads\/2020\/08\/plaza1-1024x683.jpg\" alt=\"\" width=\"640\" height=\"427\" srcset=\"https:\/\/centralmedia.rs\/wp-content\/uploads\/2020\/08\/plaza1-1024x683.jpg 1024w, https:\/\/centralmedia.rs\/wp-content\/uploads\/2020\/08\/plaza1-300x200.jpg 300w, https:\/\/centralmedia.rs\/wp-content\/uploads\/2020\/08\/plaza1-768x512.jpg 768w, https:\/\/centralmedia.rs\/wp-content\/uploads\/2020\/08\/plaza1-630x420.jpg 630w, https:\/\/centralmedia.rs\/wp-content\/uploads\/2020\/08\/plaza1-640x427.jpg 640w, https:\/\/centralmedia.rs\/wp-content\/uploads\/2020\/08\/plaza1-681x454.jpg 681w, https:\/\/centralmedia.rs\/wp-content\/uploads\/2020\/08\/plaza1.jpg 1050w\" sizes=\"(max-width: 640px) 100vw, 640px\" \/><\/p>\n<p>U okviru kampanje \u201eOd tebe kre\u0107e \u2013 sigurna kupovina\u201c, promoterke centra podelile su besplatne maske Kragujev\u010danima na najprometnijim gradskim ta\u010dkama \u2013 na \u0110a\u010dkom trgu kod studentskog doma \u201eVita Janji\u0107\u201c, zatim u Velikom parku u blizini Gerontolo\u0161kog centra, kao i na platou ispred \u0161oping centra.<\/p>\n<p>Humanost jednog dru\u0161tva ogleda se u odnosu prema njegovim najranjivijim pripadnicima, pa su maske poklonjene i zaposlenima i korisnicama Sigurne ku\u0107e \u201eKneginja Ljubica\u201c.<\/p>\n<p>\u0160oping centar Kragujevac Plaza nije zaboravio ni online zajednicu i brendirane maske \u0107e dobiti najaktivniji na dru\u0161tvenim mre\u017eama tokom avgusta.<\/p>\n<p><img loading=\"lazy\" decoding=\"async\" class=\"alignnone wp-image-24819 size-large\" src=\"http:\/\/centralmedia.rs\/wp-content\/uploads\/2020\/08\/plaza-1024x683.jpg\" alt=\"\" width=\"640\" height=\"427\" srcset=\"https:\/\/centralmedia.rs\/wp-content\/uploads\/2020\/08\/plaza-1024x683.jpg 1024w, https:\/\/centralmedia.rs\/wp-content\/uploads\/2020\/08\/plaza-300x200.jpg 300w, https:\/\/centralmedia.rs\/wp-content\/uploads\/2020\/08\/plaza-768x512.jpg 768w, https:\/\/centralmedia.rs\/wp-content\/uploads\/2020\/08\/plaza-630x420.jpg 630w, https:\/\/centralmedia.rs\/wp-content\/uploads\/2020\/08\/plaza-640x427.jpg 640w, https:\/\/centralmedia.rs\/wp-content\/uploads\/2020\/08\/plaza-681x454.jpg 681w, https:\/\/centralmedia.rs\/wp-content\/uploads\/2020\/08\/plaza.jpg 1050w\" sizes=\"(max-width: 640px) 100vw, 640px\" \/><\/p>\n<p>Samo li\u010dnom i zajedni\u010dkom odgovorno\u0161\u0107u prema zdravlju cele zajednice na\u0161e dru\u0161tvo se mo\u017ee \u0161to pre vratiti normalnom \u017eivotu, a \u0160oping centar Kragujevac Plaza i ovom akcijom pokazuje da nastavlja da postavlja standarde u Srbiji i regionu.<\/p>\n<p>\u201eTo su prepoznali i svetski stru\u010dnjaci za procenu sigurnosti \u0161oping centara. Nedavno smo dobili sertifikat o usagla\u0161enosti sa COVID-19 sigurnosnim merama Centra za bezbednu kupovinu (SSC) iz \u0160vedske i tako se na\u0161li me\u0111u odabranim centrima koji ispunjavaju me\u0111unarodne zdravstvene standarde u bezbednosti posetioca\u201c,izjavio je menad\u017eer \u0160oping centra Kragujevac Plaza Nemanja Sav\u010di\u0107.<\/p>\n<p>Ova akcija je jo\u0161 jedna potvrda da centar, u saradnji sa kragujeva\u010dkim Institutom za javno zdravlje i Regionalnom privrednom komorom Kragujevac, sve vreme sprovodi mere prevencije \u2013 propisa nehigijenske i dezinfekcione mere, po\u0161tovanje fizi\u010dke udaljenosti od najmanje dva metra i no\u0161enje za\u0161titnih maski, kako zaposlenih tako i posetilaca.<\/p>\n<p>\u0160oping centar Kragujevac Plaza otvoren je za posetioce svakog dana od 10 do 22 \u010dasa, dok ugostiteljski lokali, prema odluci gradske uprave, za sada rade do 20 \u010dasova. Za detaljeo aktuelnim de\u0161avanjima posetite web-sajt www.kragujevacplaza.rs ili Facebook i Instagram profile centra.<\/p>\n","protected":false},"excerpt":{"rendered":"<p>Kragujevac \u2013 \u0160oping centar Kragujevac Plaza podelio je brendirane pamu\u010dne maske za vi\u0161ekratnu upotrebu, pokazuju\u0107i time jo\u0161 jednom brigu za zdravlje i bezbednost svojih zakupaca, &hellip; <\/p>\n","protected":false},"author":2,"featured_media":24819,"comment_status":"open","ping_status":"open","sticky":false,"template":"","format":"standard","meta":{"footnotes":""},"categories":[33,2,23],"tags":[4784,4787,4783,4785,4697,4786],"_links":{"self":[{"href":"https:\/\/centralmedia.rs\/index.php\/wp-json\/wp\/v2\/posts\/24818"}],"collection":[{"href":"https:\/\/centralmedia.rs\/index.php\/wp-json\/wp\/v2\/posts"}],"about":[{"href":"https:\/\/centralmedia.rs\/index.php\/wp-json\/wp\/v2\/types\/post"}],"author":[{"embeddable":true,"href":"https:\/\/centralmedia.rs\/index.php\/wp-json\/wp\/v2\/users\/2"}],"replies":[{"embeddable":true,"href":"https:\/\/centralmedia.rs\/index.php\/wp-json\/wp\/v2\/comments?post=24818"}],"version-history":[{"count":3,"href":"https:\/\/centralmedia.rs\/index.php\/wp-json\/wp\/v2\/posts\/24818\/revisions"}],"predecessor-version":[{"id":24823,"href":"https:\/\/centralmedia.rs\/index.php\/wp-json\/wp\/v2\/posts\/24818\/revisions\/24823"}],"wp:featuredmedia":[{"embeddable":true,"href":"https:\/\/centralmedia.rs\/index.php\/wp-json\/wp\/v2\/media\/24819"}],"wp:attachment":[{"href":"https:\/\/centralmedia.rs\/index.php\/wp-json\/wp\/v2\/media?parent=24818"}],"wp:term":[{"taxonomy":"category","embeddable":true,"href":"https:\/\/centralmedia.rs\/index.php\/wp-json\/wp\/v2\/categories?post=24818"},{"taxonomy":"post_tag","embeddable":true,"href":"https:\/\/centralmedia.rs\/index.php\/wp-json\/wp\/v2\/tags?post=24818"}],"curies":[{"name":"wp","href":"https:\/\/api.w.org\/{rel}","templated":true}]}}