{"id":24827,"date":"2020-08-07T15:55:20","date_gmt":"2020-08-07T15:55:20","guid":{"rendered":"http:\/\/centralmedia.rs\/?p=24827"},"modified":"2020-08-18T04:21:02","modified_gmt":"2020-08-18T04:21:02","slug":"vucic-najavio-pocetak-obnove-cuprijske-bolnice","status":"publish","type":"post","link":"https:\/\/centralmedia.rs\/index.php\/2020\/08\/07\/vucic-najavio-pocetak-obnove-cuprijske-bolnice\/","title":{"rendered":"VU\u010cI\u0106 NAJAVIO PO\u010cETAK OBNOVE \u0106UPRIJSKE BOLNICE"},"content":{"rendered":"<p>\u0106UPRIJA- \u201eKrenu\u0107emo, ve\u0107 u roku od deset dana, sa punom obnovom i ogromnim ulaganjima u bolnice u Vranju, Pirotu, Kikindi i \u0106upriji. To su ta \u010detiri nova va\u017ena mesta u kojima kre\u0107emo ili u izgradnju ili u obnovu i renoviranje op\u0161tih bolnica\u201c, izjavio je danas na konferenciji za novinare predsednik Republike Srbije Aleksandar Vu\u010di\u0107, govore\u0107i, kako je rekao, o \u010detiri teme koje su danas va\u017ene, od kojih je jedna bila \u2013 zdravstvo.<\/p>\n<p>Iz Op\u0161tine \u0106uprija podse\u0107aju da je predsednik Op\u0161tine \u0106uprija Ninoslav Eri\u0107 jo\u0161 je 20. maja potvrdio da je zavr\u0161ena preparcelizacija zemlji\u0161ta i da je podnet zahtev za lokacijske uslove, \u010dime je zaokru\u017een proces za dobijanje gra\u0111evinske dozvole za izgradnju objekta u kome \u0107e se nalaziti nova Interna klinika Op\u0161te bolnice \u0106uprija. Kako je tada predsednik Eri\u0107 izjavio, pokazalo se da je neophodna potreba za jednim savremenim internisti\u010dkim blokom, jer bi tamo bila preba\u010dena sva internisti\u010dka odeljenja, \u010dime bi se otvorila mogu\u0107nost za rekonstrukciju ostalih objekata \u0107uprijske bolnice.<\/p>\n<p>Internisti\u010dki blok povr\u0161ine 8.500 kvadrata, \u00a0prema projektu, bi\u0107e izgra\u0111en do sada\u0161nje zgrade neurologije, oftalmologije i psihijatrije.<\/p>\n<p>Izme\u0161tanjem internisti\u010dkih slu\u017ebi iz njihovih trenutnih objekata bi\u0107e stvoreni i uslovi da se u zgradu porodili\u0161ta, koje \u0107e se preseliti u prostorije gde se sada nalazi Koronarno odeljenje, smeste slu\u017ebe Doma zdravlja, \u010dime \u0107e biti objedinjena primarna sa sekundarnom i tercijarnom zdravstvenom za\u0161titom. Ovim \u0107e posebno gra\u0111anima op\u0161tine \u0106uprija biti pru\u017eena kvalitetnija zdravstvena za\u0161tita, a zaposlenima bolji uslovi za rad.<\/p>\n<p>Novi blok bi\u0107e povezan \u201etoplotnom vezom\u201c sa delom bolnice gde je CT, \u0161to je i u\u0161lo u projektno-tehni\u010dku dokumentaciju, a to povezivanje je predvi\u0111eno kako bi \u0107uprijska bolnica \u0161to pre dobila novu opremu \u2013 novi skener i novu magnetnu rezonancu. Ina\u010de, nabavka ova dva savremena dijagnosti\u010dka aparata ve\u0107 je u proceduri, \u0161to \u0107e umnogome podi\u0107i i kvalitet usluga zdravstvene za\u0161tite koju bolnica u \u0106upriji pru\u017ea gra\u0111anima iz svih \u0161est lokalnih samouprava Pomoravskog okruga.<\/p>\n<p>Op\u0161tina \u0106uprija je me\u0111u prvim lokalnim samoupravama zavr\u0161ila projektno-tehni\u010dku dokumentaciju, \u0161to je prakti\u010dno zna\u010dilo da \u0107e \u0107uprijska Op\u0161ta bolnica biti me\u0111u prvim zdravstvenim institucijama u kojima \u0107e obnova i rekonstrukcija da po\u010dnu. Potvrda da \u0107e zaista tako i da bude, stigla je danas od Aleksandra Vu\u010di\u0107a, predsednika Republike Srbije.<\/p>\n","protected":false},"excerpt":{"rendered":"<p>\u0106UPRIJA- \u201eKrenu\u0107emo, ve\u0107 u roku od deset dana, sa punom obnovom i ogromnim ulaganjima u bolnice u Vranju, Pirotu, Kikindi i \u0106upriji. To su ta &hellip; <\/p>\n","protected":false},"author":2,"featured_media":24828,"comment_status":"open","ping_status":"open","sticky":false,"template":"","format":"standard","meta":{"footnotes":""},"categories":[1515,28,1524,2,12],"tags":[184,564,4788],"_links":{"self":[{"href":"https:\/\/centralmedia.rs\/index.php\/wp-json\/wp\/v2\/posts\/24827"}],"collection":[{"href":"https:\/\/centralmedia.rs\/index.php\/wp-json\/wp\/v2\/posts"}],"about":[{"href":"https:\/\/centralmedia.rs\/index.php\/wp-json\/wp\/v2\/types\/post"}],"author":[{"embeddable":true,"href":"https:\/\/centralmedia.rs\/index.php\/wp-json\/wp\/v2\/users\/2"}],"replies":[{"embeddable":true,"href":"https:\/\/centralmedia.rs\/index.php\/wp-json\/wp\/v2\/comments?post=24827"}],"version-history":[{"count":1,"href":"https:\/\/centralmedia.rs\/index.php\/wp-json\/wp\/v2\/posts\/24827\/revisions"}],"predecessor-version":[{"id":24829,"href":"https:\/\/centralmedia.rs\/index.php\/wp-json\/wp\/v2\/posts\/24827\/revisions\/24829"}],"wp:featuredmedia":[{"embeddable":true,"href":"https:\/\/centralmedia.rs\/index.php\/wp-json\/wp\/v2\/media\/24828"}],"wp:attachment":[{"href":"https:\/\/centralmedia.rs\/index.php\/wp-json\/wp\/v2\/media?parent=24827"}],"wp:term":[{"taxonomy":"category","embeddable":true,"href":"https:\/\/centralmedia.rs\/index.php\/wp-json\/wp\/v2\/categories?post=24827"},{"taxonomy":"post_tag","embeddable":true,"href":"https:\/\/centralmedia.rs\/index.php\/wp-json\/wp\/v2\/tags?post=24827"}],"curies":[{"name":"wp","href":"https:\/\/api.w.org\/{rel}","templated":true}]}}