{"id":24843,"date":"2020-08-10T14:17:59","date_gmt":"2020-08-10T14:17:59","guid":{"rendered":"http:\/\/centralmedia.rs\/?p=24843"},"modified":"2020-08-18T04:21:25","modified_gmt":"2020-08-18T04:21:25","slug":"palma-pozivao-americke-srbe-da-se-ukljuce-u-kampanju-srbi-za-trampa","status":"publish","type":"post","link":"https:\/\/centralmedia.rs\/index.php\/2020\/08\/10\/palma-pozivao-americke-srbe-da-se-ukljuce-u-kampanju-srbi-za-trampa\/","title":{"rendered":"PALMA POZIVAO AMERI\u010cKE SRBE DA SE UKLJU\u010cE U KAMPANJU \u201cSRBI ZA TRAMPA\u201d"},"content":{"rendered":"<p>JAGODINA- Jedinstvena Srbija podr\u017eava kampanju koja je po\u010dela u Sjedinjenim Ameri\u010dkim Dr\u017eavama pod nazivom ,,Srbi za Trampa\u201d, koja ima za cilj da mobli\u0161e oko milion dr\u017eavljana Sjedinjenih Ameri\u010dkih Dr\u017eava srpskog porekla da pomognu da aktuelni ameri\u010dki predsednik dobije i drugi mandat u Beloj ku\u0107i, izjavio je predsednik Jedinstvene Srbije Dragan Markovi\u0107 Palma.<\/p>\n<p>-Pozivam sve Srbe u Sjedinjenim Ameri\u010dkim Dr\u017eavama da daju podr\u0161ku Donaldu Trampu u predsedni\u010dkoj kampanji i time pomognu i svojoj mati\u010dnoj dr\u017eavi Srbiji u borbi za istinu i pravdu, posebno kada je u pitanju Kosovo i Metohija. Svi znamo koliko je zla Srbiji nanela administracijana \u010delu sa bra\u010dnim parom Klinton, a takvu politiku bi sigurno nastavio i Trampov protivkandidat D\u017eo Bajden, koji je rekao da zagovara suverenitet i teritorijalni integritet takozvanog nezavisnog Kosova i koji jo\u0161 od 1990. godine sara\u0111uje sa teroristom Ramu\u0161om Haradinajem i albanskom emigracijom u Americi. Kosovski Albanci upravo zato opstruiraju dijalog sa Beogradom i samo \u010dekaju promenu na \u010delu Sjedinjenih Ameri\u010dkih Dr\u017eava. Ja sam bio jedini politi\u010dar iz Evrope na inauguraciji Donalda Trampa u Va\u0161ingtonu i tada je za mene bilo veoma bitno da je Tramp rekao da \u0107e se baviti svojom dr\u017eavom, a ne ratovima po svetu, \u0161to je i ispunio, rekao je Markovi\u0107 uz poruku ameri\u010dkim Srbima ,,Poma\u017eu\u0107i Trampu, poma\u017eete svojoj Srbiji\u201d.<\/p>\n","protected":false},"excerpt":{"rendered":"<p>JAGODINA- Jedinstvena Srbija podr\u017eava kampanju koja je po\u010dela u Sjedinjenim Ameri\u010dkim Dr\u017eavama pod nazivom ,,Srbi za Trampa\u201d, koja ima za cilj da mobli\u0161e oko milion &hellip; <\/p>\n","protected":false},"author":2,"featured_media":16269,"comment_status":"open","ping_status":"open","sticky":false,"template":"","format":"standard","meta":{"footnotes":""},"categories":[1524,2,1514,13,12],"tags":[643,120,332,3415,1353],"_links":{"self":[{"href":"https:\/\/centralmedia.rs\/index.php\/wp-json\/wp\/v2\/posts\/24843"}],"collection":[{"href":"https:\/\/centralmedia.rs\/index.php\/wp-json\/wp\/v2\/posts"}],"about":[{"href":"https:\/\/centralmedia.rs\/index.php\/wp-json\/wp\/v2\/types\/post"}],"author":[{"embeddable":true,"href":"https:\/\/centralmedia.rs\/index.php\/wp-json\/wp\/v2\/users\/2"}],"replies":[{"embeddable":true,"href":"https:\/\/centralmedia.rs\/index.php\/wp-json\/wp\/v2\/comments?post=24843"}],"version-history":[{"count":1,"href":"https:\/\/centralmedia.rs\/index.php\/wp-json\/wp\/v2\/posts\/24843\/revisions"}],"predecessor-version":[{"id":24844,"href":"https:\/\/centralmedia.rs\/index.php\/wp-json\/wp\/v2\/posts\/24843\/revisions\/24844"}],"wp:featuredmedia":[{"embeddable":true,"href":"https:\/\/centralmedia.rs\/index.php\/wp-json\/wp\/v2\/media\/16269"}],"wp:attachment":[{"href":"https:\/\/centralmedia.rs\/index.php\/wp-json\/wp\/v2\/media?parent=24843"}],"wp:term":[{"taxonomy":"category","embeddable":true,"href":"https:\/\/centralmedia.rs\/index.php\/wp-json\/wp\/v2\/categories?post=24843"},{"taxonomy":"post_tag","embeddable":true,"href":"https:\/\/centralmedia.rs\/index.php\/wp-json\/wp\/v2\/tags?post=24843"}],"curies":[{"name":"wp","href":"https:\/\/api.w.org\/{rel}","templated":true}]}}