{"id":24896,"date":"2020-08-17T15:02:39","date_gmt":"2020-08-17T15:02:39","guid":{"rendered":"http:\/\/centralmedia.rs\/?p=24896"},"modified":"2020-08-21T14:43:35","modified_gmt":"2020-08-21T14:43:35","slug":"naprednjaci-sami-formirali-vlast-u-cupriji","status":"publish","type":"post","link":"https:\/\/centralmedia.rs\/index.php\/2020\/08\/17\/naprednjaci-sami-formirali-vlast-u-cupriji\/","title":{"rendered":"NAPREDNJACI SAMI FORMIRALI VLAST U \u0106UPRIJI"},"content":{"rendered":"<p>\u0106UPRIJA- Zahvaljuju\u0107i izbornom rezultatu naprednjaci su u \u0106upriji samostalno formirali vlast jer imaju 30 od 37 odbornika u Skup\u0161tini op\u0161tine, dok odborni\u010dke mandate imaju SPS-JS 5 odbornika i PUPS 2. Novi predsednik SO \u0106uprija je Ninoslav Eri\u0107, koji je od 2013. godine obavljao du\u017enost predsednika op\u0161tine, a u ovom mandatu obavlja\u0107e poslani\u010dku funkciju u Narodnoj skup\u0161tini Srbije, dok \u0107e njegov zamenik biti Ilija Paunovi\u0107, dosdada\u0161nji zamenik predsednika op\u0161tine. I u ovom sazivu Dragica Pej\u010di\u0107 Ran\u0111elovi\u0107 obavlja\u0107e funkciju sekretara SO. Novi predsednik op\u0161tine je Jovica Anti\u0107, a njegov zamenik Vladimir Vasiljevi\u0107, dosada\u0161nji \u010dlan Op\u0161tinskog ve\u0107a.<\/p>\n<div id='gallery-1' class='gallery galleryid-24896 gallery-columns-3 gallery-size-full'><figure class='gallery-item'>\n\t\t\t<div class='gallery-icon landscape'>\n\t\t\t\t<a href='https:\/\/centralmedia.rs\/index.php\/2020\/08\/17\/naprednjaci-sami-formirali-vlast-u-cupriji\/ilija-paunovic\/'><img loading=\"lazy\" decoding=\"async\" width=\"910\" height=\"910\" src=\"https:\/\/centralmedia.rs\/wp-content\/uploads\/2020\/08\/ilija-paunovic.jpg\" class=\"attachment-full size-full\" alt=\"\" srcset=\"https:\/\/centralmedia.rs\/wp-content\/uploads\/2020\/08\/ilija-paunovic.jpg 910w, https:\/\/centralmedia.rs\/wp-content\/uploads\/2020\/08\/ilija-paunovic-150x150.jpg 150w, https:\/\/centralmedia.rs\/wp-content\/uploads\/2020\/08\/ilija-paunovic-300x300.jpg 300w, https:\/\/centralmedia.rs\/wp-content\/uploads\/2020\/08\/ilija-paunovic-768x768.jpg 768w, https:\/\/centralmedia.rs\/wp-content\/uploads\/2020\/08\/ilija-paunovic-420x420.jpg 420w, https:\/\/centralmedia.rs\/wp-content\/uploads\/2020\/08\/ilija-paunovic-640x640.jpg 640w, https:\/\/centralmedia.rs\/wp-content\/uploads\/2020\/08\/ilija-paunovic-681x681.jpg 681w\" sizes=\"(max-width: 910px) 100vw, 910px\" \/><\/a>\n\t\t\t<\/div><\/figure><figure class='gallery-item'>\n\t\t\t<div class='gallery-icon portrait'>\n\t\t\t\t<a href='https:\/\/centralmedia.rs\/index.php\/2020\/08\/17\/naprednjaci-sami-formirali-vlast-u-cupriji\/jovica-antic\/'><img loading=\"lazy\" decoding=\"async\" width=\"1078\" height=\"1440\" src=\"https:\/\/centralmedia.rs\/wp-content\/uploads\/2020\/08\/jovica-antic.jpg\" class=\"attachment-full size-full\" alt=\"\" srcset=\"https:\/\/centralmedia.rs\/wp-content\/uploads\/2020\/08\/jovica-antic.jpg 1078w, https:\/\/centralmedia.rs\/wp-content\/uploads\/2020\/08\/jovica-antic-225x300.jpg 225w, https:\/\/centralmedia.rs\/wp-content\/uploads\/2020\/08\/jovica-antic-768x1026.jpg 768w, https:\/\/centralmedia.rs\/wp-content\/uploads\/2020\/08\/jovica-antic-767x1024.jpg 767w, https:\/\/centralmedia.rs\/wp-content\/uploads\/2020\/08\/jovica-antic-314x420.jpg 314w, https:\/\/centralmedia.rs\/wp-content\/uploads\/2020\/08\/jovica-antic-640x855.jpg 640w, https:\/\/centralmedia.rs\/wp-content\/uploads\/2020\/08\/jovica-antic-681x910.jpg 681w\" sizes=\"(max-width: 1078px) 100vw, 1078px\" \/><\/a>\n\t\t\t<\/div><\/figure><figure class='gallery-item'>\n\t\t\t<div class='gallery-icon landscape'>\n\t\t\t\t<a href='https:\/\/centralmedia.rs\/index.php\/2020\/08\/17\/naprednjaci-sami-formirali-vlast-u-cupriji\/ninoslav-eric-10\/'><img loading=\"lazy\" decoding=\"async\" width=\"721\" height=\"721\" src=\"https:\/\/centralmedia.rs\/wp-content\/uploads\/2020\/08\/ninoslav-eric.jpg\" class=\"attachment-full size-full\" alt=\"\" srcset=\"https:\/\/centralmedia.rs\/wp-content\/uploads\/2020\/08\/ninoslav-eric.jpg 721w, https:\/\/centralmedia.rs\/wp-content\/uploads\/2020\/08\/ninoslav-eric-150x150.jpg 150w, https:\/\/centralmedia.rs\/wp-content\/uploads\/2020\/08\/ninoslav-eric-300x300.jpg 300w, https:\/\/centralmedia.rs\/wp-content\/uploads\/2020\/08\/ninoslav-eric-420x420.jpg 420w, https:\/\/centralmedia.rs\/wp-content\/uploads\/2020\/08\/ninoslav-eric-640x640.jpg 640w, https:\/\/centralmedia.rs\/wp-content\/uploads\/2020\/08\/ninoslav-eric-681x681.jpg 681w\" sizes=\"(max-width: 721px) 100vw, 721px\" \/><\/a>\n\t\t\t<\/div><\/figure>\n\t\t<\/div>\n\n","protected":false},"excerpt":{"rendered":"<p>\u0106UPRIJA- Zahvaljuju\u0107i izbornom rezultatu naprednjaci su u \u0106upriji samostalno formirali vlast jer imaju 30 od 37 odbornika u Skup\u0161tini op\u0161tine, dok odborni\u010dke mandate imaju SPS-JS &hellip; <\/p>\n","protected":false},"author":2,"featured_media":24897,"comment_status":"open","ping_status":"open","sticky":false,"template":"","format":"standard","meta":{"footnotes":""},"categories":[1515,1524,2,13,12],"tags":[3164,4808,136,805],"_links":{"self":[{"href":"https:\/\/centralmedia.rs\/index.php\/wp-json\/wp\/v2\/posts\/24896"}],"collection":[{"href":"https:\/\/centralmedia.rs\/index.php\/wp-json\/wp\/v2\/posts"}],"about":[{"href":"https:\/\/centralmedia.rs\/index.php\/wp-json\/wp\/v2\/types\/post"}],"author":[{"embeddable":true,"href":"https:\/\/centralmedia.rs\/index.php\/wp-json\/wp\/v2\/users\/2"}],"replies":[{"embeddable":true,"href":"https:\/\/centralmedia.rs\/index.php\/wp-json\/wp\/v2\/comments?post=24896"}],"version-history":[{"count":2,"href":"https:\/\/centralmedia.rs\/index.php\/wp-json\/wp\/v2\/posts\/24896\/revisions"}],"predecessor-version":[{"id":24906,"href":"https:\/\/centralmedia.rs\/index.php\/wp-json\/wp\/v2\/posts\/24896\/revisions\/24906"}],"wp:featuredmedia":[{"embeddable":true,"href":"https:\/\/centralmedia.rs\/index.php\/wp-json\/wp\/v2\/media\/24897"}],"wp:attachment":[{"href":"https:\/\/centralmedia.rs\/index.php\/wp-json\/wp\/v2\/media?parent=24896"}],"wp:term":[{"taxonomy":"category","embeddable":true,"href":"https:\/\/centralmedia.rs\/index.php\/wp-json\/wp\/v2\/categories?post=24896"},{"taxonomy":"post_tag","embeddable":true,"href":"https:\/\/centralmedia.rs\/index.php\/wp-json\/wp\/v2\/tags?post=24896"}],"curies":[{"name":"wp","href":"https:\/\/api.w.org\/{rel}","templated":true}]}}