{"id":24926,"date":"2020-08-19T09:35:36","date_gmt":"2020-08-19T09:35:36","guid":{"rendered":"http:\/\/centralmedia.rs\/?p=24926"},"modified":"2020-08-21T14:43:05","modified_gmt":"2020-08-21T14:43:05","slug":"borba-lekara-za-zivot-fudbalskog-trenera-koga-je-udario-grom-ocekuje-se-upucivanje-na-vma","status":"publish","type":"post","link":"https:\/\/centralmedia.rs\/index.php\/2020\/08\/19\/borba-lekara-za-zivot-fudbalskog-trenera-koga-je-udario-grom-ocekuje-se-upucivanje-na-vma\/","title":{"rendered":"BORBA LEKARA ZA \u017dIVOT FUDBALSKOG TRENERA KOGA JE UDARIO GROM &#8211; O\u010cEKUJE SE UPU\u0106IVANJE NA VMA"},"content":{"rendered":"<p>JAGODINA- Lekari Op\u0161te bolnice u Jagodine daju svoj maksimum da bi stabilizovali \u017eivotne funkcije trenera mla\u0111ih kategorija GFK Jagodina Stefana Pavlovi\u0107a, \u0161to bi omogu\u0107ilo upu\u0107ivanje na dalje le\u010denje u Vojnomedicinsku akademiju u Beogradu. Pavlovi\u0107a je udario grom na pomo\u0107nom terenu ju\u010de oko 18.40 gde se nalazio sa grupom ,,petli\u0107a&#8221; na treningu, na sre\u0107u niko od dece nije povre\u0111en. On je u besvesnom stanju preve\u017een u bolnicu.\u00a0 Deca su danas normalno trenirala po ki\u0161i na istom terenu.<\/p>\n<div id='gallery-1' class='gallery galleryid-24926 gallery-columns-8 gallery-size-thumbnail'><figure class='gallery-item'>\n\t\t\t<div class='gallery-icon landscape'>\n\t\t\t\t<a href='https:\/\/centralmedia.rs\/index.php\/2020\/08\/19\/borba-lekara-za-zivot-fudbalskog-trenera-koga-je-udario-grom-ocekuje-se-upucivanje-na-vma\/trening\/'><img loading=\"lazy\" decoding=\"async\" width=\"150\" height=\"150\" src=\"https:\/\/centralmedia.rs\/wp-content\/uploads\/2020\/08\/trening-150x150.jpg\" class=\"attachment-thumbnail size-thumbnail\" alt=\"\" \/><\/a>\n\t\t\t<\/div><\/figure><figure class='gallery-item'>\n\t\t\t<div class='gallery-icon landscape'>\n\t\t\t\t<a href='https:\/\/centralmedia.rs\/index.php\/2020\/08\/19\/borba-lekara-za-zivot-fudbalskog-trenera-koga-je-udario-grom-ocekuje-se-upucivanje-na-vma\/trening1\/'><img loading=\"lazy\" decoding=\"async\" width=\"150\" height=\"150\" src=\"https:\/\/centralmedia.rs\/wp-content\/uploads\/2020\/08\/trening1-150x150.jpg\" class=\"attachment-thumbnail size-thumbnail\" alt=\"\" \/><\/a>\n\t\t\t<\/div><\/figure><figure class='gallery-item'>\n\t\t\t<div class='gallery-icon landscape'>\n\t\t\t\t<a href='https:\/\/centralmedia.rs\/index.php\/2020\/08\/19\/borba-lekara-za-zivot-fudbalskog-trenera-koga-je-udario-grom-ocekuje-se-upucivanje-na-vma\/trening2\/'><img loading=\"lazy\" decoding=\"async\" width=\"150\" height=\"150\" src=\"https:\/\/centralmedia.rs\/wp-content\/uploads\/2020\/08\/trening2-150x150.jpg\" class=\"attachment-thumbnail size-thumbnail\" alt=\"\" \/><\/a>\n\t\t\t<\/div><\/figure><figure class='gallery-item'>\n\t\t\t<div class='gallery-icon landscape'>\n\t\t\t\t<a href='https:\/\/centralmedia.rs\/index.php\/2020\/08\/19\/borba-lekara-za-zivot-fudbalskog-trenera-koga-je-udario-grom-ocekuje-se-upucivanje-na-vma\/trening3\/'><img loading=\"lazy\" decoding=\"async\" width=\"150\" height=\"150\" src=\"https:\/\/centralmedia.rs\/wp-content\/uploads\/2020\/08\/trening3-150x150.jpg\" class=\"attachment-thumbnail size-thumbnail\" alt=\"\" \/><\/a>\n\t\t\t<\/div><\/figure><figure class='gallery-item'>\n\t\t\t<div class='gallery-icon landscape'>\n\t\t\t\t<a href='https:\/\/centralmedia.rs\/index.php\/2020\/08\/19\/borba-lekara-za-zivot-fudbalskog-trenera-koga-je-udario-grom-ocekuje-se-upucivanje-na-vma\/opsta-bolnica\/'><img loading=\"lazy\" decoding=\"async\" width=\"150\" height=\"150\" src=\"https:\/\/centralmedia.rs\/wp-content\/uploads\/2020\/08\/opsta-bolnica-150x150.jpg\" class=\"attachment-thumbnail size-thumbnail\" alt=\"\" \/><\/a>\n\t\t\t<\/div><\/figure><figure class='gallery-item'>\n\t\t\t<div class='gallery-icon landscape'>\n\t\t\t\t<a href='https:\/\/centralmedia.rs\/index.php\/2020\/08\/19\/borba-lekara-za-zivot-fudbalskog-trenera-koga-je-udario-grom-ocekuje-se-upucivanje-na-vma\/opsta-bolnica1\/'><img loading=\"lazy\" decoding=\"async\" width=\"150\" height=\"150\" src=\"https:\/\/centralmedia.rs\/wp-content\/uploads\/2020\/08\/opsta-bolnica1-150x150.jpg\" class=\"attachment-thumbnail size-thumbnail\" alt=\"\" \/><\/a>\n\t\t\t<\/div><\/figure><figure class='gallery-item'>\n\t\t\t<div class='gallery-icon landscape'>\n\t\t\t\t<a href='https:\/\/centralmedia.rs\/index.php\/2020\/08\/19\/borba-lekara-za-zivot-fudbalskog-trenera-koga-je-udario-grom-ocekuje-se-upucivanje-na-vma\/hitna-pomoc-4\/'><img loading=\"lazy\" decoding=\"async\" width=\"150\" height=\"150\" src=\"https:\/\/centralmedia.rs\/wp-content\/uploads\/2020\/08\/hitna-pomoc-150x150.jpg\" class=\"attachment-thumbnail size-thumbnail\" alt=\"\" \/><\/a>\n\t\t\t<\/div><\/figure><figure class='gallery-item'>\n\t\t\t<div class='gallery-icon portrait'>\n\t\t\t\t<a href='https:\/\/centralmedia.rs\/index.php\/2020\/08\/19\/borba-lekara-za-zivot-fudbalskog-trenera-koga-je-udario-grom-ocekuje-se-upucivanje-na-vma\/hitna-na-terenu\/'><img loading=\"lazy\" decoding=\"async\" width=\"150\" height=\"150\" src=\"https:\/\/centralmedia.rs\/wp-content\/uploads\/2020\/08\/hitna-na-terenu-150x150.jpg\" class=\"attachment-thumbnail size-thumbnail\" alt=\"\" \/><\/a>\n\t\t\t<\/div><\/figure>\n\t\t<\/div>\n\n<p>-Trenutno je u ve\u0161ta\u010dkoj komi, borba lekara vi\u0161e specijalnosti, koja je trajala tokom ve\u010deri i no\u0107i, nastavlja se i danas. Dogovoreno je upu\u0107ivanje pacijenta na VMA u Beogradu, \u0161to \u0107e se najverovatnije i dogoditi, ali pacijent mora da bude stabilnih \u017eivotnih funkcija da bi se obavio transport. Pacijent je \u017eiv, u komi je, o\u010dekujemo reakciju organizma na svu primenjenu terapiju, ka\u017ee na\u010delnik Urgentne slu\u017ebe te bolnice dr Vladimir Nedeljkovi\u0107.<\/p>\n<p>Po re\u010dima ostalih lekara koji su uklju\u010deni u le\u010denje, najverovatnije je da je grom direktno udario u trenera, imaju\u0107i u vidu povrede koje ima po telu i predelu grudnog ko\u0161a. Re\u010d je o masivnom elektri\u010dnom pra\u017enjenju i pitanje je kakav \u0107e biti odgovor mozga, sada se o\u010dekuje da priroda da podr\u0161ku lekarima i svim primenjenim merama.<\/p>\n<p>-Sa terase sam gledao trening mla\u0111ih kategorija, na tri terena bilo stotinak dece, puna igrali\u0161ta. Grom je spr\u017eio vazduh, elektricitet se mogao osetiti i na 100 metara, veoma jak zvuk nebo je puklo. Video sam kada je munja sevnula, iznad igrali\u0161ta, video se stub munje od terena ukoso ka nebu. Ispao mi je telefon, uko\u010dila mi se noga. Me\u0111umutim, trening nije prestajao, deca su se i dalje igrala, ali ubrzo su primetili da neko le\u017ei na terenu. Dvojica su po\u010dela reanimaciju \u010doveka na zemlji, zatim je do\u0161ao crni d\u017eip na teren, pa je stigla hitna pomo\u0107. Veoma potresno, pri\u010daju o\u010devidci doga\u0111aja.<\/p>\n<p>Na terenima GFK Jagodina danas su ,,normalno&#8221; relizovani treninzi mla\u0111ih kategorija, deo terena gde je nesre\u0107nog trenera pogodio grom bio je odvojen od ostatka i na njemu nije bilo dece.<\/p>\n","protected":false},"excerpt":{"rendered":"<p>JAGODINA- Lekari Op\u0161te bolnice u Jagodine daju svoj maksimum da bi stabilizovali \u017eivotne funkcije trenera mla\u0111ih kategorija GFK Jagodina Stefana Pavlovi\u0107a, \u0161to bi omogu\u0107ilo upu\u0107ivanje &hellip; <\/p>\n","protected":false},"author":2,"featured_media":24936,"comment_status":"open","ping_status":"open","sticky":false,"template":"","format":"standard","meta":{"footnotes":""},"categories":[1524,20,2,1514,12],"tags":[135,4819,1893,536,4816],"_links":{"self":[{"href":"https:\/\/centralmedia.rs\/index.php\/wp-json\/wp\/v2\/posts\/24926"}],"collection":[{"href":"https:\/\/centralmedia.rs\/index.php\/wp-json\/wp\/v2\/posts"}],"about":[{"href":"https:\/\/centralmedia.rs\/index.php\/wp-json\/wp\/v2\/types\/post"}],"author":[{"embeddable":true,"href":"https:\/\/centralmedia.rs\/index.php\/wp-json\/wp\/v2\/users\/2"}],"replies":[{"embeddable":true,"href":"https:\/\/centralmedia.rs\/index.php\/wp-json\/wp\/v2\/comments?post=24926"}],"version-history":[{"count":2,"href":"https:\/\/centralmedia.rs\/index.php\/wp-json\/wp\/v2\/posts\/24926\/revisions"}],"predecessor-version":[{"id":24937,"href":"https:\/\/centralmedia.rs\/index.php\/wp-json\/wp\/v2\/posts\/24926\/revisions\/24937"}],"wp:featuredmedia":[{"embeddable":true,"href":"https:\/\/centralmedia.rs\/index.php\/wp-json\/wp\/v2\/media\/24936"}],"wp:attachment":[{"href":"https:\/\/centralmedia.rs\/index.php\/wp-json\/wp\/v2\/media?parent=24926"}],"wp:term":[{"taxonomy":"category","embeddable":true,"href":"https:\/\/centralmedia.rs\/index.php\/wp-json\/wp\/v2\/categories?post=24926"},{"taxonomy":"post_tag","embeddable":true,"href":"https:\/\/centralmedia.rs\/index.php\/wp-json\/wp\/v2\/tags?post=24926"}],"curies":[{"name":"wp","href":"https:\/\/api.w.org\/{rel}","templated":true}]}}