{"id":24938,"date":"2020-08-19T13:31:16","date_gmt":"2020-08-19T13:31:16","guid":{"rendered":"http:\/\/centralmedia.rs\/?p=24938"},"modified":"2020-08-25T12:16:27","modified_gmt":"2020-08-25T12:16:27","slug":"u-jagodini-po-starom-dvojac-markovic-i-stevanovic-20-godina-na-celu-jagodine","status":"publish","type":"post","link":"https:\/\/centralmedia.rs\/index.php\/2020\/08\/19\/u-jagodini-po-starom-dvojac-markovic-i-stevanovic-20-godina-na-celu-jagodine\/","title":{"rendered":"U JAGODINI PO STAROM &#8211; DVOJAC MARKOVI\u0106 I STEVANOVI\u0106 20 GODINA NA \u010cELU JAGODINE"},"content":{"rendered":"<p>JAGODINA &#8211; U Jagodini na konstitutivnoj sednici Skup\u0161tine grada izabrani su novi, stari, predsednik Skup\u0161tine grada Dragan Markovi\u0107 Palma i gradona\u010delnik Ratko Stevanovi\u0107, obojica iz JS. Dvojac iz JS, koji su menjali uloge gradona\u010delnika i predsednika Skup\u0161tine, je na \u010delu grada ve\u0107 16 godina i ukoliko ovaj mandat do kraja zavr\u0161e ostvari\u0107e dve decenije na vlasti. I na ostale funkcije u gradu izabrani su predstavnici JS, sem pozicije zamenika gradona\u010delnika gde ispred SNS izabran Ivan Stamenkovi\u0107. Palma je pozvao opoziciju da uzme u\u010de\u0161\u0107e u radu Skup\u0161tine i na jedinstvo. Odluke donete su s 18 glasova \u201eza\u201c i 3 ,,protiv&#8221;. Sude\u0107i prema rasporedu sedenja vlast \u0107e u Jagodini \u010diniti liste \u201eDragan Markovi\u0107 Palma-JS-Ivica da\u010di\u0107-SPS-Aleksandar Vu\u010di\u0107-SNS\u201c sa 17 i POKS sa 1 odbornikom, dok su na ovoj sednici na strani opozicije sedeli predstavnici liste \u201eBunt-Prava Jagodine\u201c sa 2 i GG Mita Arsi\u0107 1 mandat.<\/p>\n<p>Me\u0111utim, ve\u010deras je odbornik POKS Goran Jeli\u010di\u0107 demantovao da je ta stranka u koaliciji sa JS-SPS-SNS ili da \u0107e biti u lokalnoj vlasti. Ali nije hteo da otkrije kome je dao ili uskratio povere na tajnom glasanju.<\/p>\n<p>-Tako mi je re\u010deno tu da sednem, zato \u0161to sam bio \u010dlan Verifikacione komisije. Glasao sam ne\u0161to ,,za&#8221;, ne\u0161to ,,protiv&#8221; za skup\u0161tinske predloge. Bilo je tajno galsanje i za\u0161to bih to javno pri\u010dao. Nismo u koaliciji na vlasti, u opoziciji smo u Jagodini. Ne\u0107u da imam nikave veze sa pozicijom, rekao je Jeli\u010di\u0107 demantuj\u0107i da je POKS u vlasti u Jagodini i dodao da \u0107e biti konstruktivna opozicija, odnosno glasa\u0107e za ne\u0161to \u0161to je dobro.<\/p>\n<p>Odbornici Bunt- Prava Jagodina i Mita Arsi\u0107 isti\u010du da na tajnom glasanju nisu podr\u017eali predloge za izbor funkcionera. Na narednim sednicama Skup\u0161tine grada bi\u0107e jasnija slika opozicije u jagodskom parlamentu.<\/p>\n","protected":false},"excerpt":{"rendered":"<p>JAGODINA &#8211; U Jagodini na konstitutivnoj sednici Skup\u0161tine grada izabrani su novi, stari, predsednik Skup\u0161tine grada Dragan Markovi\u0107 Palma i gradona\u010delnik Ratko Stevanovi\u0107, obojica iz &hellip; <\/p>\n","protected":false},"author":2,"featured_media":24939,"comment_status":"open","ping_status":"open","sticky":false,"template":"","format":"standard","meta":{"footnotes":""},"categories":[1524,2,1514,13,12],"tags":[58,120,47,1293],"_links":{"self":[{"href":"https:\/\/centralmedia.rs\/index.php\/wp-json\/wp\/v2\/posts\/24938"}],"collection":[{"href":"https:\/\/centralmedia.rs\/index.php\/wp-json\/wp\/v2\/posts"}],"about":[{"href":"https:\/\/centralmedia.rs\/index.php\/wp-json\/wp\/v2\/types\/post"}],"author":[{"embeddable":true,"href":"https:\/\/centralmedia.rs\/index.php\/wp-json\/wp\/v2\/users\/2"}],"replies":[{"embeddable":true,"href":"https:\/\/centralmedia.rs\/index.php\/wp-json\/wp\/v2\/comments?post=24938"}],"version-history":[{"count":5,"href":"https:\/\/centralmedia.rs\/index.php\/wp-json\/wp\/v2\/posts\/24938\/revisions"}],"predecessor-version":[{"id":24949,"href":"https:\/\/centralmedia.rs\/index.php\/wp-json\/wp\/v2\/posts\/24938\/revisions\/24949"}],"wp:featuredmedia":[{"embeddable":true,"href":"https:\/\/centralmedia.rs\/index.php\/wp-json\/wp\/v2\/media\/24939"}],"wp:attachment":[{"href":"https:\/\/centralmedia.rs\/index.php\/wp-json\/wp\/v2\/media?parent=24938"}],"wp:term":[{"taxonomy":"category","embeddable":true,"href":"https:\/\/centralmedia.rs\/index.php\/wp-json\/wp\/v2\/categories?post=24938"},{"taxonomy":"post_tag","embeddable":true,"href":"https:\/\/centralmedia.rs\/index.php\/wp-json\/wp\/v2\/tags?post=24938"}],"curies":[{"name":"wp","href":"https:\/\/api.w.org\/{rel}","templated":true}]}}