{"id":24941,"date":"2020-08-19T15:33:38","date_gmt":"2020-08-19T15:33:38","guid":{"rendered":"http:\/\/centralmedia.rs\/?p=24941"},"modified":"2020-08-25T12:16:58","modified_gmt":"2020-08-25T12:16:58","slug":"u-vanrednim-okolnostima-28-dani-srpskog-duhovnog-preobrazenja-u-despotovcu","status":"publish","type":"post","link":"https:\/\/centralmedia.rs\/index.php\/2020\/08\/19\/u-vanrednim-okolnostima-28-dani-srpskog-duhovnog-preobrazenja-u-despotovcu\/","title":{"rendered":"U vanrednim okolnostima 28. Dani srpskog duhovnog preobra\u017eenja u Despotovcu"},"content":{"rendered":"<p>DESPOTOVAC- Programski savet i Oganizacioni odbor Manifestacije\u00a0 28. Dani srpskoga duhovnog preobra\u017eenja u Despotovcu \u2013 Manasija, 19\u201328. avgust 2020. godine obratili su se saop\u0161tenjem javnost.<\/p>\n<p>Po\u0161tovani prijatelji Dana srpskoga duhovnog preobra\u017eenja,<\/p>\n<p>Ovogodi\u0161nje, 28. Dane srpskoga duhovnog preobra\u017eenja obele\u017eavamo u vanrednim okolnostima koje je u na\u0161oj zemlji i \u010ditavom svetu nametnula pandemija virusa korona.<\/p>\n<p>U skladu sa merama i preporukama Vlade i Kriznog \u0161taba Republike Srbije, otkazali smo sve planirane koncertne, pozori\u0161ne, filmske i druge programske aktivnosti koje podrazumevaju masovna okupljanja.<\/p>\n<p>Navedenim izlo\u017ebama i nau\u010dnim skupom \u017eelimo da na simboli\u010dan na\u010din obele\u017eimo ovogodi\u0161nju Manifestaciju i time obezbedimo njen kontinuitet.<\/p>\n<p>Veruju\u0107i da \u0107emo 29. Dane srpskoga duhovnog preobra\u017eenja organizovati kako smo to \u010dinili i prethodnih dvadeset sedam godina, zahvaljujemo na razumevanju.<\/p>\n<p>Programski savet i Oganizacioni odbor Manifestacije<\/p>\n<p>&nbsp;<\/p>\n<ol start=\"28\">\n<li>Dani srpskoga duhovnog preobra\u017eenja<\/li>\n<\/ol>\n<p>Despotovac\u2013Manasija, 19\u201328. avgust 2020. godine<\/p>\n<p>Sreda, 19. avgust<\/p>\n<p>20.00 \u010dasova<\/p>\n<p>Galerija Centra za kulturu \u201eSveti Stefan, despot srpski\u201c<\/p>\n<p>Izlo\u017eba slika sa Likovne kolonije \u201eResava 2020\u201c<\/p>\n<p>Hol Centra za kulturu \u201eSveti Stefan, despot srpski\u201c<\/p>\n<p>Izlo\u017eba slika Milosava Ivanovi\u0107a Baje<\/p>\n<p>Izlo\u017ebe \u0107e biti otvorene za javnost do 28. avgusta svakodnevno od 10.00 do 20.00 \u010dasova. Preporuka organizatora je da se izbegavaju grupne posete i da se primenjuju sve mere za\u0161tite koje su usvojili Vlada i Krizni \u0161tab Republike Srbije radi spre\u010davanja \u0161irenja pandemije virusa korona.<\/p>\n<p>Nau\u010dni skup<\/p>\n<p>\u201eSrednji vek u srpskoj nauci, istoriji, knji\u017eevnosti i umetnosti XII\u201c<\/p>\n<p>U\u010desnici nau\u010dnog skupa \u0107e svoja saop\u0161tenja dostaviti organizatorima tokom trajanja Manifestacije, a zbornik radova \u0107e biti predstavljen na 29. Danima srpskoga duhovnog preoba\u017eenja.<\/p>\n","protected":false},"excerpt":{"rendered":"<p>DESPOTOVAC- Programski savet i Oganizacioni odbor Manifestacije\u00a0 28. Dani srpskoga duhovnog preobra\u017eenja u Despotovcu \u2013 Manasija, 19\u201328. avgust 2020. godine obratili su se saop\u0161tenjem javnost. &hellip; <\/p>\n","protected":false},"author":2,"featured_media":13760,"comment_status":"open","ping_status":"open","sticky":false,"template":"","format":"standard","meta":{"footnotes":""},"categories":[1518,1524,2,15,12],"tags":[4820,51,138],"_links":{"self":[{"href":"https:\/\/centralmedia.rs\/index.php\/wp-json\/wp\/v2\/posts\/24941"}],"collection":[{"href":"https:\/\/centralmedia.rs\/index.php\/wp-json\/wp\/v2\/posts"}],"about":[{"href":"https:\/\/centralmedia.rs\/index.php\/wp-json\/wp\/v2\/types\/post"}],"author":[{"embeddable":true,"href":"https:\/\/centralmedia.rs\/index.php\/wp-json\/wp\/v2\/users\/2"}],"replies":[{"embeddable":true,"href":"https:\/\/centralmedia.rs\/index.php\/wp-json\/wp\/v2\/comments?post=24941"}],"version-history":[{"count":1,"href":"https:\/\/centralmedia.rs\/index.php\/wp-json\/wp\/v2\/posts\/24941\/revisions"}],"predecessor-version":[{"id":24942,"href":"https:\/\/centralmedia.rs\/index.php\/wp-json\/wp\/v2\/posts\/24941\/revisions\/24942"}],"wp:featuredmedia":[{"embeddable":true,"href":"https:\/\/centralmedia.rs\/index.php\/wp-json\/wp\/v2\/media\/13760"}],"wp:attachment":[{"href":"https:\/\/centralmedia.rs\/index.php\/wp-json\/wp\/v2\/media?parent=24941"}],"wp:term":[{"taxonomy":"category","embeddable":true,"href":"https:\/\/centralmedia.rs\/index.php\/wp-json\/wp\/v2\/categories?post=24941"},{"taxonomy":"post_tag","embeddable":true,"href":"https:\/\/centralmedia.rs\/index.php\/wp-json\/wp\/v2\/tags?post=24941"}],"curies":[{"name":"wp","href":"https:\/\/api.w.org\/{rel}","templated":true}]}}