{"id":24958,"date":"2020-08-20T10:09:26","date_gmt":"2020-08-20T10:09:26","guid":{"rendered":"http:\/\/centralmedia.rs\/?p=24958"},"modified":"2020-08-25T12:17:35","modified_gmt":"2020-08-25T12:17:35","slug":"palma-gde-postoji-jedinstvo-postoje-i-rezultati","status":"publish","type":"post","link":"https:\/\/centralmedia.rs\/index.php\/2020\/08\/20\/palma-gde-postoji-jedinstvo-postoje-i-rezultati\/","title":{"rendered":"PALMA : GDE POSTOJI JEDINSTVO POSTOJE I REZULTATI"},"content":{"rendered":"<p>JAGODINA- Skup\u0161tina grada Jagodine broji 21 odbornika, a nakon odr\u017eanih lokalnih izbora, 17 mandata pripalo je koaliciji Jedinstvene Srbije, SPS \u2013 a i Srpske napredne stranke, na \u010dijem \u010delu je u Jagodini bio predsednik Jedinstvene Srbije, Dragan Markovi\u0107 Palma, 2 odbornika ima Koalicija \u201cBunt \u2013 Prava Jagodina\u201d, a po jednog Grupa gra\u0111ana \u201cNe\u0107emo da \u0107utimo\u201d i Pokret obnove Kraljevine Srbije. Ina\u010de lokalni izbori u Jagodini pro\u0161li su bez ijednog prigovora i bez ponavljanja ni na jednom glasa\u010dkom mestu. Na dana\u0161njoj kosnstitutivnoj sednici za predsednika Skup\u0161tine grada Jagodine izabran je predsednik Jedinstvene Srbije, Dragan Markovi\u0107 Palma, koji je i u pro\u0161lom mandatu vr\u0161io tu funkciju, a za njegovog zamenika Sne\u017eana Vuika\u0161inovi\u0107, tako\u0111e iz Jedinstvene Srbije. Za gradona\u010delnika Jagodine, ponovo je izabran potpredsednik Jedinstvene Srbije Ratko Stevanovi\u0107, a za zamenika gradona\u010delnika Jagodine, Ivan Stamenkovi\u0107 iz Srpske napredne stranke. Izabrano je osmo\u010dlano Gradsko ve\u0107e, koje je u Jagodini specifi\u010dno po tome da je jedina lokalna sampuprava u kojoj \u010dlanovi Gradskog ve\u0107a ne primaju plate niti odbornici dnevnice.\u201e\u017delim da se najpre zahvalim gra\u0111anima sa teritorije grada Jagodine \u0161to su nam dali veliko poverenje i glasali za na\u0161u listu koalicije Jedinstvene Srbije, SPS &#8211; a i Srpske napredne stranke. \u010cestitam i opoziciji na izbornom rezultatu. Hvala odbornicima \u0161to su glasali i dali mi poverenje da i u narednom periodu predsedavam Skup\u0161tinom grada Jagodine i da nastavimo da radimo onako kako smo radili i pre. \u017delim da predlo\u017eim i opoziciji da bude konstruktivna, da glasaju za ono \u0161to misle da je dobro, a za ono \u0161to misle da nije dobro neka glasaju protiv, to je njihovo autonomno pravo. Pozivam opoziciju da uzme u\u010de\u0161\u0107e u radu Skup\u0161tine grada Jagodine, da i oni predla\u017eu ta\u010dke dnevnog reda i tako smo radli od 2004. godine. Tamo gde postoji jedinstvo u dono\u0161enju odluka, koje su od vitalnog zna\u010daja za na\u0161 grad i zbog tog jedinstva mi smo imali ogromne rezultate i postigli smo najbolje rezultate od svih lokalnih samouprava i kada je u pitanju broj fabrika koje smo doveli, kada je u pitanju socijalna pravda i kada je u pitanju turizam\u201c, izjavio je nakon izbora za predsednika Skup\u0161tine grada Jagodine, predsednik Jeidnstvene Srbije Dragan Markovi\u0107 Palma. \u201eKorisnici bud\u017eeta grada Jagodine bili su gra\u0111ani, nismo kao funkcioneri koristili pozicije u bud\u017eetu na koje smo po zakonu imali pravo i sve te pare preusmeravali smo gra\u0111anima i pomagali onima koji nemaju. Tako \u0107emo raditi i u narednom vremenskom periodu i na\u0161a lista Jedinstvene Srbije, SPS -a i Srpske napredne stranke ima \u010dime da se pohvali \u0161to smo radili na lokalu, a siguran sam da \u0107emo nastaviti i jo\u0161 ja\u010dim tempom i u ovom mandatu, bez obzira na pandemiju virusa korona, koji je nevidljivi i nepredvidiv. Ono \u0161to je za nas najva\u017enije je da idemo napred, da radimo, da po\u0161tujemo sve epidemiolo\u0161ke mere i da na prvom mestu bude zdravlje, da nam porodice budu \u017eive i zdrave, na\u0161i prijatelji i svi gra\u0111ani Srbije, a onda da nam najva\u017enija bude ekonomija. Kada su u pitanju mere socijalne za\u0161tite ni\u0161ta ne\u0107emo da ukidamo i sve ono \u0161to je postojalo u bud\u017eetu osta\u0107e i u narednom periodu, osim investicija za izgradnju nekih objekata koje smo planirali, a nisu od vitalnog zna\u010daja i te investicije \u0107emo smanjiti, jer je i priliv u bud\u017eetu manji nego \u0161to je bio pro\u0161le godine iz opravdanih razloga\u201c, rekao je Markovi\u0107. Dana\u0161nja konstitutivna sednica jagodinskog parlamenta po\u010dela je minutom \u0107utanja za nedavno preminulog \u010dlana Gradskog ve\u0107a Jagodine Du\u0161ana Ili\u0107a iz jagodinskog sela \u0160antarovca. Odmah nakon konstituisanja, odr\u017eana je i prva sednica Skup\u0161tine grada Jagodine, koja je nastavila da radi u ekspresnom ritmu, glasanje je po ta\u010dkama denvnog reda bilo u skoru 20:1 ili 18:3<\/p>\n","protected":false},"excerpt":{"rendered":"<p>JAGODINA- Skup\u0161tina grada Jagodine broji 21 odbornika, a nakon odr\u017eanih lokalnih izbora, 17 mandata pripalo je koaliciji Jedinstvene Srbije, SPS \u2013 a i Srpske napredne &hellip; <\/p>\n","protected":false},"author":2,"featured_media":24959,"comment_status":"open","ping_status":"open","sticky":false,"template":"","format":"standard","meta":{"footnotes":""},"categories":[1524,2,1514,13,12],"tags":[58,120,1293],"_links":{"self":[{"href":"https:\/\/centralmedia.rs\/index.php\/wp-json\/wp\/v2\/posts\/24958"}],"collection":[{"href":"https:\/\/centralmedia.rs\/index.php\/wp-json\/wp\/v2\/posts"}],"about":[{"href":"https:\/\/centralmedia.rs\/index.php\/wp-json\/wp\/v2\/types\/post"}],"author":[{"embeddable":true,"href":"https:\/\/centralmedia.rs\/index.php\/wp-json\/wp\/v2\/users\/2"}],"replies":[{"embeddable":true,"href":"https:\/\/centralmedia.rs\/index.php\/wp-json\/wp\/v2\/comments?post=24958"}],"version-history":[{"count":1,"href":"https:\/\/centralmedia.rs\/index.php\/wp-json\/wp\/v2\/posts\/24958\/revisions"}],"predecessor-version":[{"id":24960,"href":"https:\/\/centralmedia.rs\/index.php\/wp-json\/wp\/v2\/posts\/24958\/revisions\/24960"}],"wp:featuredmedia":[{"embeddable":true,"href":"https:\/\/centralmedia.rs\/index.php\/wp-json\/wp\/v2\/media\/24959"}],"wp:attachment":[{"href":"https:\/\/centralmedia.rs\/index.php\/wp-json\/wp\/v2\/media?parent=24958"}],"wp:term":[{"taxonomy":"category","embeddable":true,"href":"https:\/\/centralmedia.rs\/index.php\/wp-json\/wp\/v2\/categories?post=24958"},{"taxonomy":"post_tag","embeddable":true,"href":"https:\/\/centralmedia.rs\/index.php\/wp-json\/wp\/v2\/tags?post=24958"}],"curies":[{"name":"wp","href":"https:\/\/api.w.org\/{rel}","templated":true}]}}