{"id":2496,"date":"2016-03-23T19:19:17","date_gmt":"2016-03-23T19:19:17","guid":{"rendered":"http:\/\/centralmedia.rs\/?p=2496"},"modified":"2016-03-23T19:19:17","modified_gmt":"2016-03-23T19:19:17","slug":"u-jagodinskom-muzeju-vostanih-figura-palma-dacic-putin","status":"publish","type":"post","link":"https:\/\/centralmedia.rs\/index.php\/2016\/03\/23\/u-jagodinskom-muzeju-vostanih-figura-palma-dacic-putin\/","title":{"rendered":"U JAGODINSKOM MUZEJU VO\u0160TANIH FIGURA &#8211;  PALMA,  DA\u010cI\u0106  I PUTIN"},"content":{"rendered":"<p>JAGODINA-Vo\u0161tana figura predsednika Federacije Rusije Vladimira Vladimirovi\u010da Putina postavljena je danas u Muzeju vo\u0161tanih figura u Jagodini, a lideri SPS Ivica Da\u010di\u0107 i JS Dragan Markovi\u0107 Palma prvi su pozirali ispred nje.<br \/>\n\t-Vo\u0161tani Putin izgleda kao i u realnom \u017eivotu, ovo je najbolje umetni\u010dko ostvarenje od svih koje sam video. Pokazao sam Rogozinu i Lavrovu fotografiju jagodinskog Putna i bili su pozitivno iznena\u0111eni koliko je njegov lik verno prenet. U Rusiji vo\u0161tane figure nisu  previ\u0161e interesantne. Imamo sam vi\u0161e puta priliku da vidim i razgovaram sa Putinom, vajari su zaista uradili dobar posao. Prvi put sam u muzeju i zaista je izvanredan. Mislim da je jo\u0161 uvek rano za postavljanje moje figure, kazao je Da\u010di\u0107.<a href=\"https:\/\/centralmedia.rs\/wp-content\/uploads\/2016\/03\/putin-9-jagodina-g.j..jpg\" rel=\"attachment wp-att-2490\"><img loading=\"lazy\" decoding=\"async\" src=\"https:\/\/centralmedia.rs\/wp-content\/uploads\/2016\/03\/putin-9-jagodina-g.j.-204x300.jpg\" alt=\"putin 9-jagodina-g.j.\" width=\"204\" height=\"300\" class=\"alignnone size-medium wp-image-2490\" srcset=\"https:\/\/centralmedia.rs\/wp-content\/uploads\/2016\/03\/putin-9-jagodina-g.j.-204x300.jpg 204w, https:\/\/centralmedia.rs\/wp-content\/uploads\/2016\/03\/putin-9-jagodina-g.j..jpg 613w\" sizes=\"(max-width: 204px) 100vw, 204px\" \/><\/a><br \/>\nMe\u0111utim, njegov doma\u0107in Markovi\u0107 nije odustao od svoje namere i izjavio je da \u0107e do kraja jula u tom muzeju biti postavljene figure Da\u010di\u0107a i Aleksandra Vu\u010di\u0107a zbog doprinosa koji su dali dr\u017eavi Srbiji.<br \/>\n\t-Da\u010di\u0107 \u0107e do\u0107i i drugi put u muzej da pozira isped svoje figure, koja \u0107e biti napravljena posle izborne kampanje. Poslali smo poziv ambasadoru Rusije u Beogradu, ali on je odgovorio da se to u njihovoj tradiciji druga\u010dije tuma\u010di, odnosno ozna\u010dava odavanje po\u010dasti kao kada neko umre. Oni ne prave za \u017eivota vo\u0161tane figure znamenitih li\u010dnosti, ve\u0107 posle smrti, rekao je Markovi\u0107.  <a href=\"https:\/\/centralmedia.rs\/wp-content\/uploads\/2016\/03\/putin-4-jagodina-g.j..jpg\" rel=\"attachment wp-att-2491\"><img loading=\"lazy\" decoding=\"async\" src=\"https:\/\/centralmedia.rs\/wp-content\/uploads\/2016\/03\/putin-4-jagodina-g.j.-300x204.jpg\" alt=\"putin 4-jagodina-g.j.\" width=\"300\" height=\"204\" class=\"alignnone size-medium wp-image-2491\" srcset=\"https:\/\/centralmedia.rs\/wp-content\/uploads\/2016\/03\/putin-4-jagodina-g.j.-300x204.jpg 300w, https:\/\/centralmedia.rs\/wp-content\/uploads\/2016\/03\/putin-4-jagodina-g.j.-768x522.jpg 768w, https:\/\/centralmedia.rs\/wp-content\/uploads\/2016\/03\/putin-4-jagodina-g.j.-1024x696.jpg 1024w, https:\/\/centralmedia.rs\/wp-content\/uploads\/2016\/03\/putin-4-jagodina-g.j..jpg 1200w\" sizes=\"(max-width: 300px) 100vw, 300px\" \/><\/a><br \/>\nOn je najavio da \u0107e biti izra\u0111ena i nova figura Novaka \u0110okovi\u0107a, koja je prilikom postavljanja izazvala podeljene komentare u javnosti. <a href=\"https:\/\/centralmedia.rs\/wp-content\/uploads\/2016\/03\/putin-6-jagodina-g.j..jpg\" rel=\"attachment wp-att-2492\"><img loading=\"lazy\" decoding=\"async\" src=\"https:\/\/centralmedia.rs\/wp-content\/uploads\/2016\/03\/putin-6-jagodina-g.j.-300x225.jpg\" alt=\"putin 6-jagodina-g.j.\" width=\"300\" height=\"225\" class=\"alignnone size-medium wp-image-2492\" srcset=\"https:\/\/centralmedia.rs\/wp-content\/uploads\/2016\/03\/putin-6-jagodina-g.j.-300x225.jpg 300w, https:\/\/centralmedia.rs\/wp-content\/uploads\/2016\/03\/putin-6-jagodina-g.j.-768x576.jpg 768w, https:\/\/centralmedia.rs\/wp-content\/uploads\/2016\/03\/putin-6-jagodina-g.j.-1024x768.jpg 1024w, https:\/\/centralmedia.rs\/wp-content\/uploads\/2016\/03\/putin-6-jagodina-g.j.-80x60.jpg 80w, https:\/\/centralmedia.rs\/wp-content\/uploads\/2016\/03\/putin-6-jagodina-g.j.-265x198.jpg 265w, https:\/\/centralmedia.rs\/wp-content\/uploads\/2016\/03\/putin-6-jagodina-g.j..jpg 1200w\" sizes=\"(max-width: 300px) 100vw, 300px\" \/><\/a>Pre postavljanja vo\u0161tane figure u hali Jasa pred nekoliko hiljada gra\u0111ana Srbije, koji su do\u0161li da prisutvuju postavljanju vo\u0161tane figure Putina,  nastupili Merima Njegomir, Radi\u0161a Uro\u0161evi\u0107, folklori i denseri. <a href=\"https:\/\/centralmedia.rs\/wp-content\/uploads\/2016\/03\/putin-3-jagodina-g.j..jpg\" rel=\"attachment wp-att-2497\"><img loading=\"lazy\" decoding=\"async\" src=\"https:\/\/centralmedia.rs\/wp-content\/uploads\/2016\/03\/putin-3-jagodina-g.j.-300x193.jpg\" alt=\"putin 3-jagodina-g.j.\" width=\"300\" height=\"193\" class=\"alignnone size-medium wp-image-2497\" srcset=\"https:\/\/centralmedia.rs\/wp-content\/uploads\/2016\/03\/putin-3-jagodina-g.j.-300x193.jpg 300w, https:\/\/centralmedia.rs\/wp-content\/uploads\/2016\/03\/putin-3-jagodina-g.j.-768x495.jpg 768w, https:\/\/centralmedia.rs\/wp-content\/uploads\/2016\/03\/putin-3-jagodina-g.j..jpg 900w\" sizes=\"(max-width: 300px) 100vw, 300px\" \/><\/a>Postavljanju figure prisustvovali su ministar Aleksandar Anti\u0107 i kandidati za poslanike i odbornike koalicije SPS-JS.<a href=\"https:\/\/centralmedia.rs\/wp-content\/uploads\/2016\/03\/putin-8-jagodina-g.j..jpg\" rel=\"attachment wp-att-2498\"><img loading=\"lazy\" decoding=\"async\" src=\"https:\/\/centralmedia.rs\/wp-content\/uploads\/2016\/03\/putin-8-jagodina-g.j.-300x199.jpg\" alt=\"putin 8-jagodina-g.j.\" width=\"300\" height=\"199\" class=\"alignnone size-medium wp-image-2498\" srcset=\"https:\/\/centralmedia.rs\/wp-content\/uploads\/2016\/03\/putin-8-jagodina-g.j.-300x199.jpg 300w, https:\/\/centralmedia.rs\/wp-content\/uploads\/2016\/03\/putin-8-jagodina-g.j.-768x509.jpg 768w, https:\/\/centralmedia.rs\/wp-content\/uploads\/2016\/03\/putin-8-jagodina-g.j..jpg 900w\" sizes=\"(max-width: 300px) 100vw, 300px\" \/><\/a><\/p>\n","protected":false},"excerpt":{"rendered":"<p>JAGODINA-Vo\u0161tana figura predsednika Federacije Rusije Vladimira Vladimirovi\u010da Putina postavljena je danas u Muzeju vo\u0161tanih figura u Jagodini, a lideri SPS Ivica Da\u010di\u0107 i JS Dragan &hellip; <\/p>\n","protected":false},"author":4,"featured_media":2489,"comment_status":"open","ping_status":"open","sticky":false,"template":"","format":"standard","meta":{"footnotes":""},"categories":[2,13,12],"tags":[58,276,277],"_links":{"self":[{"href":"https:\/\/centralmedia.rs\/index.php\/wp-json\/wp\/v2\/posts\/2496"}],"collection":[{"href":"https:\/\/centralmedia.rs\/index.php\/wp-json\/wp\/v2\/posts"}],"about":[{"href":"https:\/\/centralmedia.rs\/index.php\/wp-json\/wp\/v2\/types\/post"}],"author":[{"embeddable":true,"href":"https:\/\/centralmedia.rs\/index.php\/wp-json\/wp\/v2\/users\/4"}],"replies":[{"embeddable":true,"href":"https:\/\/centralmedia.rs\/index.php\/wp-json\/wp\/v2\/comments?post=2496"}],"version-history":[{"count":0,"href":"https:\/\/centralmedia.rs\/index.php\/wp-json\/wp\/v2\/posts\/2496\/revisions"}],"wp:featuredmedia":[{"embeddable":true,"href":"https:\/\/centralmedia.rs\/index.php\/wp-json\/wp\/v2\/media\/2489"}],"wp:attachment":[{"href":"https:\/\/centralmedia.rs\/index.php\/wp-json\/wp\/v2\/media?parent=2496"}],"wp:term":[{"taxonomy":"category","embeddable":true,"href":"https:\/\/centralmedia.rs\/index.php\/wp-json\/wp\/v2\/categories?post=2496"},{"taxonomy":"post_tag","embeddable":true,"href":"https:\/\/centralmedia.rs\/index.php\/wp-json\/wp\/v2\/tags?post=2496"}],"curies":[{"name":"wp","href":"https:\/\/api.w.org\/{rel}","templated":true}]}}