{"id":24961,"date":"2020-08-20T12:12:07","date_gmt":"2020-08-20T12:12:07","guid":{"rendered":"http:\/\/centralmedia.rs\/?p=24961"},"modified":"2020-08-25T12:17:43","modified_gmt":"2020-08-25T12:17:43","slug":"poslanik-sns-jugovic-svi-treba-da-se-ugledamo-na-milana-stojanovica","status":"publish","type":"post","link":"https:\/\/centralmedia.rs\/index.php\/2020\/08\/20\/poslanik-sns-jugovic-svi-treba-da-se-ugledamo-na-milana-stojanovica\/","title":{"rendered":"POSLANIK SNS JUGOVI\u0106: SVI TREBA DA SE UGLEDAMO NA MILANA STOJANOVI\u0106A"},"content":{"rendered":"<p>JAGODINA- Posle javnih pohvala prvog \u010doveka Jagodine Dragana Markovi\u0107a Palme u Skup\u0161tini Srbije o radu jagodinskog Gerontolo\u0161kog centra u vreme vanrednog stanja, poslanik SNS Bratislav Jugovi\u0107 se sastao sa direktorom te ustanove Milanom Stojanovi\u0107em, te objavio na dru\u0161tvenim mre\u017eama da je on li\u010dnim primerom pokazao kako treba da se rukovodi ustanovom u tokom vandrednog stanja i , kako nezvani\u010dno saznajemo, zalo\u017eio se da \u010dlanovi vladaju\u0107e stranke, koji rade u toj ustanovi a odbili su radu u dvonedeljnom karantinu sa korisnicima budu sankcionisani. Jugovi\u0107 se sastao sa Stojanovi\u0107em na ulazu u Gerontolo\u0161ki centar, jer se primenjuju mere spre\u010davanja \u0161irenja infekcije koronavirusom.<\/p>\n<p>&#8211; Ovo je SNS kadar koji je tokom vanrednog stanja bio u karantinu sa najboljim radnicima u svom kolektivu. Korona virus nije u\u0161ao u Gerontolo\u0161ki centar u Jagodini gde je ovaj \u010dovek direktor ve\u0107 nekoliko godina. Kao narodni poslanik do\u0161ao sam da mu se li\u010dno zahvalim na nesebi\u010dnom zalaganju u veoma osetljivom poslu koji obavlja, napisao je Jugovi\u0107.<\/p>\n<p>Kako nezvani\u010dno saznajemo, Jugovi\u0107 je bio nezadovoljan \u010dinjenicom da pojedini \u010dlanovi SNS, koji su radno anga\u017eovani u toj ustanovi, odbili da budu u karantinu sa korisnicima, te \u0107e se zalagati da im se ne produ\u017ei ugovor o radu, kao i da \u0107e pratiti tu situaciju i obavestiti rukovodstvo SNS o tome da nisu\u00a0 pristali da budu u karantinu kada je bilo najte\u017ee.<\/p>\n<p>-Potvrdio sam saznanja da je direktor bio sa zaposlenima i korisnicima u karantinu u vreme vandrednog stanja i da su radnici koji su pristali da budu u karantinu dobili stalna radna mesta, zaklju\u010dio je on.<\/p>\n","protected":false},"excerpt":{"rendered":"<p>JAGODINA- Posle javnih pohvala prvog \u010doveka Jagodine Dragana Markovi\u0107a Palme u Skup\u0161tini Srbije o radu jagodinskog Gerontolo\u0161kog centra u vreme vanrednog stanja, poslanik SNS Bratislav &hellip; <\/p>\n","protected":false},"author":2,"featured_media":24962,"comment_status":"open","ping_status":"open","sticky":false,"template":"","format":"standard","meta":{"footnotes":""},"categories":[14,1524,2,1514,12],"tags":[456,1281,58,4821],"_links":{"self":[{"href":"https:\/\/centralmedia.rs\/index.php\/wp-json\/wp\/v2\/posts\/24961"}],"collection":[{"href":"https:\/\/centralmedia.rs\/index.php\/wp-json\/wp\/v2\/posts"}],"about":[{"href":"https:\/\/centralmedia.rs\/index.php\/wp-json\/wp\/v2\/types\/post"}],"author":[{"embeddable":true,"href":"https:\/\/centralmedia.rs\/index.php\/wp-json\/wp\/v2\/users\/2"}],"replies":[{"embeddable":true,"href":"https:\/\/centralmedia.rs\/index.php\/wp-json\/wp\/v2\/comments?post=24961"}],"version-history":[{"count":3,"href":"https:\/\/centralmedia.rs\/index.php\/wp-json\/wp\/v2\/posts\/24961\/revisions"}],"predecessor-version":[{"id":24965,"href":"https:\/\/centralmedia.rs\/index.php\/wp-json\/wp\/v2\/posts\/24961\/revisions\/24965"}],"wp:featuredmedia":[{"embeddable":true,"href":"https:\/\/centralmedia.rs\/index.php\/wp-json\/wp\/v2\/media\/24962"}],"wp:attachment":[{"href":"https:\/\/centralmedia.rs\/index.php\/wp-json\/wp\/v2\/media?parent=24961"}],"wp:term":[{"taxonomy":"category","embeddable":true,"href":"https:\/\/centralmedia.rs\/index.php\/wp-json\/wp\/v2\/categories?post=24961"},{"taxonomy":"post_tag","embeddable":true,"href":"https:\/\/centralmedia.rs\/index.php\/wp-json\/wp\/v2\/tags?post=24961"}],"curies":[{"name":"wp","href":"https:\/\/api.w.org\/{rel}","templated":true}]}}