{"id":24969,"date":"2020-08-21T14:04:02","date_gmt":"2020-08-21T14:04:02","guid":{"rendered":"http:\/\/centralmedia.rs\/?p=24969"},"modified":"2020-08-25T12:24:56","modified_gmt":"2020-08-25T12:24:56","slug":"rekonstrukcija-vracarske-ulice","status":"publish","type":"post","link":"https:\/\/centralmedia.rs\/index.php\/2020\/08\/21\/rekonstrukcija-vracarske-ulice\/","title":{"rendered":"REKONSTRUKCIJA VRA\u010cARSKE ULICE"},"content":{"rendered":"<p>SVILAJNAC- U toku je potpuna rekonstrukcija Vra\u010darske ulice u Svilajncu. Zamenjene su azbestne cevi, uradjena je atmosferska kanalizaciona mre\u017ea i novi trotoari.<\/p>\n<p>-Ova ulica je veoma prometna i bitna za na\u0161e sugra\u0111ane, osim toga \u0161to \u0107e lepo izgledati pove\u0107a\u0107e se i bezbednost u saobra\u0107aju. Plan za naredni period je da rekonstrui\u0161emo i druge ulice u naselju Vra\u010dar, rekao je prilikom obilaska radova predsednik op\u0161tine Svilajnac Predrag Milanovi\u0107.<\/p>\n<div id='gallery-1' class='gallery galleryid-24969 gallery-columns-3 gallery-size-full'><figure class='gallery-item'>\n\t\t\t<div class='gallery-icon landscape'>\n\t\t\t\t<a href='https:\/\/centralmedia.rs\/index.php\/2020\/08\/21\/rekonstrukcija-vracarske-ulice\/vracarska\/'><img loading=\"lazy\" decoding=\"async\" width=\"2048\" height=\"1365\" src=\"https:\/\/centralmedia.rs\/wp-content\/uploads\/2020\/08\/vracarska.jpg\" class=\"attachment-full size-full\" alt=\"\" srcset=\"https:\/\/centralmedia.rs\/wp-content\/uploads\/2020\/08\/vracarska.jpg 2048w, https:\/\/centralmedia.rs\/wp-content\/uploads\/2020\/08\/vracarska-300x200.jpg 300w, https:\/\/centralmedia.rs\/wp-content\/uploads\/2020\/08\/vracarska-768x512.jpg 768w, https:\/\/centralmedia.rs\/wp-content\/uploads\/2020\/08\/vracarska-1024x683.jpg 1024w, https:\/\/centralmedia.rs\/wp-content\/uploads\/2020\/08\/vracarska-630x420.jpg 630w, https:\/\/centralmedia.rs\/wp-content\/uploads\/2020\/08\/vracarska-640x427.jpg 640w, https:\/\/centralmedia.rs\/wp-content\/uploads\/2020\/08\/vracarska-681x454.jpg 681w\" sizes=\"(max-width: 2048px) 100vw, 2048px\" \/><\/a>\n\t\t\t<\/div><\/figure><figure class='gallery-item'>\n\t\t\t<div class='gallery-icon landscape'>\n\t\t\t\t<a href='https:\/\/centralmedia.rs\/index.php\/2020\/08\/21\/rekonstrukcija-vracarske-ulice\/vracarska1\/'><img loading=\"lazy\" decoding=\"async\" width=\"2048\" height=\"1365\" src=\"https:\/\/centralmedia.rs\/wp-content\/uploads\/2020\/08\/vracarska1.jpg\" class=\"attachment-full size-full\" alt=\"\" srcset=\"https:\/\/centralmedia.rs\/wp-content\/uploads\/2020\/08\/vracarska1.jpg 2048w, https:\/\/centralmedia.rs\/wp-content\/uploads\/2020\/08\/vracarska1-300x200.jpg 300w, https:\/\/centralmedia.rs\/wp-content\/uploads\/2020\/08\/vracarska1-768x512.jpg 768w, https:\/\/centralmedia.rs\/wp-content\/uploads\/2020\/08\/vracarska1-1024x683.jpg 1024w, https:\/\/centralmedia.rs\/wp-content\/uploads\/2020\/08\/vracarska1-630x420.jpg 630w, https:\/\/centralmedia.rs\/wp-content\/uploads\/2020\/08\/vracarska1-640x427.jpg 640w, https:\/\/centralmedia.rs\/wp-content\/uploads\/2020\/08\/vracarska1-681x454.jpg 681w\" sizes=\"(max-width: 2048px) 100vw, 2048px\" \/><\/a>\n\t\t\t<\/div><\/figure><figure class='gallery-item'>\n\t\t\t<div class='gallery-icon landscape'>\n\t\t\t\t<a href='https:\/\/centralmedia.rs\/index.php\/2020\/08\/21\/rekonstrukcija-vracarske-ulice\/vracarska2\/'><img loading=\"lazy\" decoding=\"async\" width=\"2048\" height=\"1365\" src=\"https:\/\/centralmedia.rs\/wp-content\/uploads\/2020\/08\/vracarska2.jpg\" class=\"attachment-full size-full\" alt=\"\" srcset=\"https:\/\/centralmedia.rs\/wp-content\/uploads\/2020\/08\/vracarska2.jpg 2048w, https:\/\/centralmedia.rs\/wp-content\/uploads\/2020\/08\/vracarska2-300x200.jpg 300w, https:\/\/centralmedia.rs\/wp-content\/uploads\/2020\/08\/vracarska2-768x512.jpg 768w, https:\/\/centralmedia.rs\/wp-content\/uploads\/2020\/08\/vracarska2-1024x683.jpg 1024w, https:\/\/centralmedia.rs\/wp-content\/uploads\/2020\/08\/vracarska2-630x420.jpg 630w, https:\/\/centralmedia.rs\/wp-content\/uploads\/2020\/08\/vracarska2-640x427.jpg 640w, https:\/\/centralmedia.rs\/wp-content\/uploads\/2020\/08\/vracarska2-681x454.jpg 681w\" sizes=\"(max-width: 2048px) 100vw, 2048px\" \/><\/a>\n\t\t\t<\/div><\/figure>\n\t\t<\/div>\n\n","protected":false},"excerpt":{"rendered":"<p>SVILAJNAC- U toku je potpuna rekonstrukcija Vra\u010darske ulice u Svilajncu. Zamenjene su azbestne cevi, uradjena je atmosferska kanalizaciona mre\u017ea i novi trotoari. -Ova ulica je &hellip; <\/p>\n","protected":false},"author":2,"featured_media":24970,"comment_status":"open","ping_status":"open","sticky":false,"template":"","format":"standard","meta":{"footnotes":""},"categories":[1524,2,887,16,12,1517],"tags":[1280,38,3983,4823],"_links":{"self":[{"href":"https:\/\/centralmedia.rs\/index.php\/wp-json\/wp\/v2\/posts\/24969"}],"collection":[{"href":"https:\/\/centralmedia.rs\/index.php\/wp-json\/wp\/v2\/posts"}],"about":[{"href":"https:\/\/centralmedia.rs\/index.php\/wp-json\/wp\/v2\/types\/post"}],"author":[{"embeddable":true,"href":"https:\/\/centralmedia.rs\/index.php\/wp-json\/wp\/v2\/users\/2"}],"replies":[{"embeddable":true,"href":"https:\/\/centralmedia.rs\/index.php\/wp-json\/wp\/v2\/comments?post=24969"}],"version-history":[{"count":1,"href":"https:\/\/centralmedia.rs\/index.php\/wp-json\/wp\/v2\/posts\/24969\/revisions"}],"predecessor-version":[{"id":24973,"href":"https:\/\/centralmedia.rs\/index.php\/wp-json\/wp\/v2\/posts\/24969\/revisions\/24973"}],"wp:featuredmedia":[{"embeddable":true,"href":"https:\/\/centralmedia.rs\/index.php\/wp-json\/wp\/v2\/media\/24970"}],"wp:attachment":[{"href":"https:\/\/centralmedia.rs\/index.php\/wp-json\/wp\/v2\/media?parent=24969"}],"wp:term":[{"taxonomy":"category","embeddable":true,"href":"https:\/\/centralmedia.rs\/index.php\/wp-json\/wp\/v2\/categories?post=24969"},{"taxonomy":"post_tag","embeddable":true,"href":"https:\/\/centralmedia.rs\/index.php\/wp-json\/wp\/v2\/tags?post=24969"}],"curies":[{"name":"wp","href":"https:\/\/api.w.org\/{rel}","templated":true}]}}