{"id":24986,"date":"2020-08-23T17:48:57","date_gmt":"2020-08-23T17:48:57","guid":{"rendered":"http:\/\/centralmedia.rs\/?p=24986"},"modified":"2020-08-31T12:41:56","modified_gmt":"2020-08-31T12:41:56","slug":"osvestan-spomen-park-u-jagodini-posvecen-blagoju-jovovicu-i-gavrilu-principu","status":"publish","type":"post","link":"https:\/\/centralmedia.rs\/index.php\/2020\/08\/23\/osvestan-spomen-park-u-jagodini-posvecen-blagoju-jovovicu-i-gavrilu-principu\/","title":{"rendered":"OSVE\u0160TAN SPOMEN PARK U JAGODINI POSVE\u0106EN BLAGOJU JOVOVI\u0106U I GAVRILU PRINCIPU"},"content":{"rendered":"<p>JAGODINA- Osam sve\u0161tenika Srpske pravoslavne crkve iz Jagodina osve\u0161talo je Spomen park u naselju Streli\u0161te posve\u0107en srpskim herojima Gavrilu Principu i Blagoju Jovovi\u0107u.<\/p>\n<p>-Blagoje Jovovi\u0107 nije samo osvetnik Jasenova\u010dkih mu\u010denika on je deo jedne slobodarske i prave Srbije, iste one za koju se borio i Gavrilo Princip. Ta slobodna i prava Srbija koja povezuje Principa i Jovovi\u0107a, danas povezuje i nas sa njima. Mi se danas se\u0107amo Jasenova\u010dkih \u017ertva, a to do pre neku godinu nije bilo slu\u010daj za Jagodinu, Pomoravlje i Srbiju da se slu\u010dajno ne zamerimo na\u0161im kom\u0161ijama. Do\u0161lo je vreme da se tih Jasenova\u010dkih mu\u010denika uvek setimo i da ih na svakom mestu pominjemo, rekao je Du\u0161an Markovi\u0107, lider BUNT &#8211; Prave Jagodine i odbornik u Skup\u0161tini grada Jagodina, koji je inicirao i relizovao izgradnju parka.<\/p>\n<p>On je najavio podizanje spomen obele\u017eja Jasenova\u010dkim mu\u010denicima, isto kao \u0161to su obele\u017ejem istrgnute od zaborava \u017ertve revolucionarnog terora u porti Pokrova Presvete Bogorodice na Streli\u0161tu.<\/p>\n<div id='gallery-1' class='gallery galleryid-24986 gallery-columns-3 gallery-size-full'><figure class='gallery-item'>\n\t\t\t<div class='gallery-icon landscape'>\n\t\t\t\t<a href='https:\/\/centralmedia.rs\/index.php\/2020\/08\/23\/osvestan-spomen-park-u-jagodini-posvecen-blagoju-jovovicu-i-gavrilu-principu\/spomen-blagoje1\/'><img loading=\"lazy\" decoding=\"async\" width=\"1944\" height=\"1296\" src=\"https:\/\/centralmedia.rs\/wp-content\/uploads\/2020\/08\/spomen-blagoje1.jpg\" class=\"attachment-full size-full\" alt=\"\" srcset=\"https:\/\/centralmedia.rs\/wp-content\/uploads\/2020\/08\/spomen-blagoje1.jpg 1944w, https:\/\/centralmedia.rs\/wp-content\/uploads\/2020\/08\/spomen-blagoje1-300x200.jpg 300w, https:\/\/centralmedia.rs\/wp-content\/uploads\/2020\/08\/spomen-blagoje1-768x512.jpg 768w, https:\/\/centralmedia.rs\/wp-content\/uploads\/2020\/08\/spomen-blagoje1-1024x683.jpg 1024w, https:\/\/centralmedia.rs\/wp-content\/uploads\/2020\/08\/spomen-blagoje1-630x420.jpg 630w, https:\/\/centralmedia.rs\/wp-content\/uploads\/2020\/08\/spomen-blagoje1-640x427.jpg 640w, https:\/\/centralmedia.rs\/wp-content\/uploads\/2020\/08\/spomen-blagoje1-681x454.jpg 681w\" sizes=\"(max-width: 1944px) 100vw, 1944px\" \/><\/a>\n\t\t\t<\/div><\/figure><figure class='gallery-item'>\n\t\t\t<div class='gallery-icon landscape'>\n\t\t\t\t<a href='https:\/\/centralmedia.rs\/index.php\/2020\/08\/23\/osvestan-spomen-park-u-jagodini-posvecen-blagoju-jovovicu-i-gavrilu-principu\/spomen-blagoje2\/'><img loading=\"lazy\" decoding=\"async\" width=\"1944\" height=\"1296\" src=\"https:\/\/centralmedia.rs\/wp-content\/uploads\/2020\/08\/spomen-blagoje2.jpg\" class=\"attachment-full size-full\" alt=\"\" srcset=\"https:\/\/centralmedia.rs\/wp-content\/uploads\/2020\/08\/spomen-blagoje2.jpg 1944w, https:\/\/centralmedia.rs\/wp-content\/uploads\/2020\/08\/spomen-blagoje2-300x200.jpg 300w, https:\/\/centralmedia.rs\/wp-content\/uploads\/2020\/08\/spomen-blagoje2-768x512.jpg 768w, https:\/\/centralmedia.rs\/wp-content\/uploads\/2020\/08\/spomen-blagoje2-1024x683.jpg 1024w, https:\/\/centralmedia.rs\/wp-content\/uploads\/2020\/08\/spomen-blagoje2-630x420.jpg 630w, https:\/\/centralmedia.rs\/wp-content\/uploads\/2020\/08\/spomen-blagoje2-640x427.jpg 640w, https:\/\/centralmedia.rs\/wp-content\/uploads\/2020\/08\/spomen-blagoje2-681x454.jpg 681w\" sizes=\"(max-width: 1944px) 100vw, 1944px\" \/><\/a>\n\t\t\t<\/div><\/figure><figure class='gallery-item'>\n\t\t\t<div class='gallery-icon landscape'>\n\t\t\t\t<a href='https:\/\/centralmedia.rs\/index.php\/2020\/08\/23\/osvestan-spomen-park-u-jagodini-posvecen-blagoju-jovovicu-i-gavrilu-principu\/spomen-blagoje3\/'><img loading=\"lazy\" decoding=\"async\" width=\"1944\" height=\"1296\" src=\"https:\/\/centralmedia.rs\/wp-content\/uploads\/2020\/08\/spomen-blagoje3.jpg\" class=\"attachment-full size-full\" alt=\"\" srcset=\"https:\/\/centralmedia.rs\/wp-content\/uploads\/2020\/08\/spomen-blagoje3.jpg 1944w, https:\/\/centralmedia.rs\/wp-content\/uploads\/2020\/08\/spomen-blagoje3-300x200.jpg 300w, https:\/\/centralmedia.rs\/wp-content\/uploads\/2020\/08\/spomen-blagoje3-768x512.jpg 768w, https:\/\/centralmedia.rs\/wp-content\/uploads\/2020\/08\/spomen-blagoje3-1024x683.jpg 1024w, https:\/\/centralmedia.rs\/wp-content\/uploads\/2020\/08\/spomen-blagoje3-630x420.jpg 630w, https:\/\/centralmedia.rs\/wp-content\/uploads\/2020\/08\/spomen-blagoje3-640x427.jpg 640w, https:\/\/centralmedia.rs\/wp-content\/uploads\/2020\/08\/spomen-blagoje3-681x454.jpg 681w\" sizes=\"(max-width: 1944px) 100vw, 1944px\" \/><\/a>\n\t\t\t<\/div><\/figure>\n\t\t<\/div>\n\n","protected":false},"excerpt":{"rendered":"<p>JAGODINA- Osam sve\u0161tenika Srpske pravoslavne crkve iz Jagodina osve\u0161talo je Spomen park u naselju Streli\u0161te posve\u0107en srpskim herojima Gavrilu Principu i Blagoju Jovovi\u0107u. -Blagoje Jovovi\u0107 &hellip; <\/p>\n","protected":false},"author":2,"featured_media":24987,"comment_status":"open","ping_status":"open","sticky":false,"template":"","format":"standard","meta":{"footnotes":""},"categories":[14,1524,2,1514,12],"tags":[4762,4825,58,4826,2114],"_links":{"self":[{"href":"https:\/\/centralmedia.rs\/index.php\/wp-json\/wp\/v2\/posts\/24986"}],"collection":[{"href":"https:\/\/centralmedia.rs\/index.php\/wp-json\/wp\/v2\/posts"}],"about":[{"href":"https:\/\/centralmedia.rs\/index.php\/wp-json\/wp\/v2\/types\/post"}],"author":[{"embeddable":true,"href":"https:\/\/centralmedia.rs\/index.php\/wp-json\/wp\/v2\/users\/2"}],"replies":[{"embeddable":true,"href":"https:\/\/centralmedia.rs\/index.php\/wp-json\/wp\/v2\/comments?post=24986"}],"version-history":[{"count":1,"href":"https:\/\/centralmedia.rs\/index.php\/wp-json\/wp\/v2\/posts\/24986\/revisions"}],"predecessor-version":[{"id":24991,"href":"https:\/\/centralmedia.rs\/index.php\/wp-json\/wp\/v2\/posts\/24986\/revisions\/24991"}],"wp:featuredmedia":[{"embeddable":true,"href":"https:\/\/centralmedia.rs\/index.php\/wp-json\/wp\/v2\/media\/24987"}],"wp:attachment":[{"href":"https:\/\/centralmedia.rs\/index.php\/wp-json\/wp\/v2\/media?parent=24986"}],"wp:term":[{"taxonomy":"category","embeddable":true,"href":"https:\/\/centralmedia.rs\/index.php\/wp-json\/wp\/v2\/categories?post=24986"},{"taxonomy":"post_tag","embeddable":true,"href":"https:\/\/centralmedia.rs\/index.php\/wp-json\/wp\/v2\/tags?post=24986"}],"curies":[{"name":"wp","href":"https:\/\/api.w.org\/{rel}","templated":true}]}}