{"id":25018,"date":"2020-08-27T16:48:30","date_gmt":"2020-08-27T16:48:30","guid":{"rendered":"http:\/\/centralmedia.rs\/?p=25018"},"modified":"2020-08-31T12:42:52","modified_gmt":"2020-08-31T12:42:52","slug":"6-just-out-viteski-festival-u-online-izdanju-bez-publike-i-gostiju-iz-inostranstva","status":"publish","type":"post","link":"https:\/\/centralmedia.rs\/index.php\/2020\/08\/27\/6-just-out-viteski-festival-u-online-izdanju-bez-publike-i-gostiju-iz-inostranstva\/","title":{"rendered":"6. JUST OUT VITE\u0160KI FESTIVAL U ONLINE IZDANJU, BEZ PUBLIKE I GOSTIJU IZ INOSTRANSTVA"},"content":{"rendered":"<p>DESPOTOVAC- Zbog prevencije \u0161irenja infekcije koronavirusom 6. Me\u0111unarodni Vite\u0161ki festival despot Stefan Lazarevi\u0107 &#8211; JUST OUT bi\u0107e odr\u017ean online, bez pubilike i gostiju iz inostranstva, u okolini manastira Manasija kod Despotovca od 28 do 30. avgusta. Najve\u0107i vite\u0161ki festival u Evropi, sa sezonskom posetom od preko 100 hiljada posetilaca, ove godine zaljubljenici u srednji vek i vite\u0161ke borbe mo\u0107i \u0107e da prate online na dru\u0161tenoj mre\u017ei facebook na stranici Just out festival u live prenosima najzna\u010dajnijih momenata, kao i odlo\u017eenim video snimcima. Posetiocima nije dozvoljen pristup u Vite\u0161ko selo gde su postavljene filmske scenografije i gde \u0107e se odr\u017eati borbe vitezova. Preko 100 u\u010desnika vite\u0161kih dru\u017eina iz Srbije do\u010dara\u0107e svojim ume\u0107em atmosferu srednjevekovnih \u00a0turnira, ali ne\u0107e izsotati lepe dame srednjevekovnim haljinama i radionice.<\/p>\n<p><img loading=\"lazy\" decoding=\"async\" class=\"alignnone wp-image-25019 size-full\" src=\"http:\/\/centralmedia.rs\/wp-content\/uploads\/2020\/08\/just-out-1.jpg\" alt=\"\" width=\"960\" height=\"540\" srcset=\"https:\/\/centralmedia.rs\/wp-content\/uploads\/2020\/08\/just-out-1.jpg 960w, https:\/\/centralmedia.rs\/wp-content\/uploads\/2020\/08\/just-out-1-300x169.jpg 300w, https:\/\/centralmedia.rs\/wp-content\/uploads\/2020\/08\/just-out-1-768x432.jpg 768w, https:\/\/centralmedia.rs\/wp-content\/uploads\/2020\/08\/just-out-1-747x420.jpg 747w, https:\/\/centralmedia.rs\/wp-content\/uploads\/2020\/08\/just-out-1-640x360.jpg 640w, https:\/\/centralmedia.rs\/wp-content\/uploads\/2020\/08\/just-out-1-681x383.jpg 681w\" sizes=\"(max-width: 960px) 100vw, 960px\" \/><\/p>\n<p>&#8211; Ranijih godina je sa nama bilo 1.000 u\u010desnika iz evropskih zemalja i celog sveta, ali \u0107emo ostati u interakciji sa njima online i na dru\u0161tvenih mre\u017ea. U petak \u0107e biti emitovane izjave stranaca koji \u017eale \u0161to ne mogu da prisustvuju festivalu. Na taj na\u010din \u0107emo poku\u0161tati da odr\u017eimo u svest u\u010desnika i publike o festivalu. Na otvaranju \u0107e biti dodeljena nagrada Heroj godine, a to su na\u0161i stalni u\u010desnici iz Francuske \u017dan Pjer Moris i Zorica Eri\u0107 koju su u julu \u00a0doneli pomo\u0107 u hrani i medicinskoj opremi despotova\u010dkom Crvenom krstu vrednu 25.000 evra, najavio je direkor festivala Vladimir Blagojevi\u0107.<\/p>\n<div id='gallery-1' class='gallery galleryid-25018 gallery-columns-2 gallery-size-full'><figure class='gallery-item'>\n\t\t\t<div class='gallery-icon landscape'>\n\t\t\t\t<a href='https:\/\/centralmedia.rs\/index.php\/2020\/08\/27\/6-just-out-viteski-festival-u-online-izdanju-bez-publike-i-gostiju-iz-inostranstva\/francuzi-1\/'><img loading=\"lazy\" decoding=\"async\" width=\"1080\" height=\"810\" src=\"https:\/\/centralmedia.rs\/wp-content\/uploads\/2020\/08\/francuzi-1.jpg\" class=\"attachment-full size-full\" alt=\"\" srcset=\"https:\/\/centralmedia.rs\/wp-content\/uploads\/2020\/08\/francuzi-1.jpg 1080w, https:\/\/centralmedia.rs\/wp-content\/uploads\/2020\/08\/francuzi-1-300x225.jpg 300w, https:\/\/centralmedia.rs\/wp-content\/uploads\/2020\/08\/francuzi-1-768x576.jpg 768w, https:\/\/centralmedia.rs\/wp-content\/uploads\/2020\/08\/francuzi-1-1024x768.jpg 1024w, https:\/\/centralmedia.rs\/wp-content\/uploads\/2020\/08\/francuzi-1-560x420.jpg 560w, https:\/\/centralmedia.rs\/wp-content\/uploads\/2020\/08\/francuzi-1-80x60.jpg 80w, https:\/\/centralmedia.rs\/wp-content\/uploads\/2020\/08\/francuzi-1-100x75.jpg 100w, https:\/\/centralmedia.rs\/wp-content\/uploads\/2020\/08\/francuzi-1-180x135.jpg 180w, https:\/\/centralmedia.rs\/wp-content\/uploads\/2020\/08\/francuzi-1-238x178.jpg 238w, https:\/\/centralmedia.rs\/wp-content\/uploads\/2020\/08\/francuzi-1-640x480.jpg 640w, https:\/\/centralmedia.rs\/wp-content\/uploads\/2020\/08\/francuzi-1-681x511.jpg 681w\" sizes=\"(max-width: 1080px) 100vw, 1080px\" \/><\/a>\n\t\t\t<\/div><\/figure><figure class='gallery-item'>\n\t\t\t<div class='gallery-icon landscape'>\n\t\t\t\t<a href='https:\/\/centralmedia.rs\/index.php\/2020\/08\/27\/6-just-out-viteski-festival-u-online-izdanju-bez-publike-i-gostiju-iz-inostranstva\/francuzi\/'><img loading=\"lazy\" decoding=\"async\" width=\"1080\" height=\"810\" src=\"https:\/\/centralmedia.rs\/wp-content\/uploads\/2020\/08\/francuzi.jpg\" class=\"attachment-full size-full\" alt=\"\" srcset=\"https:\/\/centralmedia.rs\/wp-content\/uploads\/2020\/08\/francuzi.jpg 1080w, https:\/\/centralmedia.rs\/wp-content\/uploads\/2020\/08\/francuzi-300x225.jpg 300w, https:\/\/centralmedia.rs\/wp-content\/uploads\/2020\/08\/francuzi-768x576.jpg 768w, https:\/\/centralmedia.rs\/wp-content\/uploads\/2020\/08\/francuzi-1024x768.jpg 1024w, https:\/\/centralmedia.rs\/wp-content\/uploads\/2020\/08\/francuzi-560x420.jpg 560w, https:\/\/centralmedia.rs\/wp-content\/uploads\/2020\/08\/francuzi-80x60.jpg 80w, https:\/\/centralmedia.rs\/wp-content\/uploads\/2020\/08\/francuzi-100x75.jpg 100w, https:\/\/centralmedia.rs\/wp-content\/uploads\/2020\/08\/francuzi-180x135.jpg 180w, https:\/\/centralmedia.rs\/wp-content\/uploads\/2020\/08\/francuzi-238x178.jpg 238w, https:\/\/centralmedia.rs\/wp-content\/uploads\/2020\/08\/francuzi-640x480.jpg 640w, https:\/\/centralmedia.rs\/wp-content\/uploads\/2020\/08\/francuzi-681x511.jpg 681w\" sizes=\"(max-width: 1080px) 100vw, 1080px\" \/><\/a>\n\t\t\t<\/div><\/figure>\n\t\t<\/div>\n\n<p>Otvaranje festivala u petak i borbe u subotu bi\u0107e prikazane na dru\u0161tevnim mre\u017eama u\u017eivo, kao i video materijal.<\/p>\n<p>&#8211; Pored borbi, na dru\u0161tvenim mre\u017eama bi\u0107e prikazane radionice mozaika, kaligrafije, obu\u0107ar, tka\u010d, kova\u010d, sve kao i predhodnih godina uz streli\u010darsko dvori\u0161te. Mo\u017eda scene borbi budu snimane u \u0161umi, simulacija napada na tvr\u0111avu. Posetioci ne\u0107e mo\u0107i da u\u0111u u Vite\u0161ko selo zbog mera prevencije \u0161irenja korona virusa, rekao je Blagojevi\u0107<\/p>\n","protected":false},"excerpt":{"rendered":"<p>DESPOTOVAC- Zbog prevencije \u0161irenja infekcije koronavirusom 6. Me\u0111unarodni Vite\u0161ki festival despot Stefan Lazarevi\u0107 &#8211; JUST OUT bi\u0107e odr\u017ean online, bez pubilike i gostiju iz inostranstva, &hellip; <\/p>\n","protected":false},"author":2,"featured_media":24915,"comment_status":"open","ping_status":"open","sticky":false,"template":"","format":"standard","meta":{"footnotes":""},"categories":[1518,1524,2,23,3054],"tags":[51,922,1168],"_links":{"self":[{"href":"https:\/\/centralmedia.rs\/index.php\/wp-json\/wp\/v2\/posts\/25018"}],"collection":[{"href":"https:\/\/centralmedia.rs\/index.php\/wp-json\/wp\/v2\/posts"}],"about":[{"href":"https:\/\/centralmedia.rs\/index.php\/wp-json\/wp\/v2\/types\/post"}],"author":[{"embeddable":true,"href":"https:\/\/centralmedia.rs\/index.php\/wp-json\/wp\/v2\/users\/2"}],"replies":[{"embeddable":true,"href":"https:\/\/centralmedia.rs\/index.php\/wp-json\/wp\/v2\/comments?post=25018"}],"version-history":[{"count":1,"href":"https:\/\/centralmedia.rs\/index.php\/wp-json\/wp\/v2\/posts\/25018\/revisions"}],"predecessor-version":[{"id":25022,"href":"https:\/\/centralmedia.rs\/index.php\/wp-json\/wp\/v2\/posts\/25018\/revisions\/25022"}],"wp:featuredmedia":[{"embeddable":true,"href":"https:\/\/centralmedia.rs\/index.php\/wp-json\/wp\/v2\/media\/24915"}],"wp:attachment":[{"href":"https:\/\/centralmedia.rs\/index.php\/wp-json\/wp\/v2\/media?parent=25018"}],"wp:term":[{"taxonomy":"category","embeddable":true,"href":"https:\/\/centralmedia.rs\/index.php\/wp-json\/wp\/v2\/categories?post=25018"},{"taxonomy":"post_tag","embeddable":true,"href":"https:\/\/centralmedia.rs\/index.php\/wp-json\/wp\/v2\/tags?post=25018"}],"curies":[{"name":"wp","href":"https:\/\/api.w.org\/{rel}","templated":true}]}}