{"id":25062,"date":"2020-09-03T16:38:02","date_gmt":"2020-09-03T16:38:02","guid":{"rendered":"http:\/\/centralmedia.rs\/?p=25062"},"modified":"2020-09-27T16:41:53","modified_gmt":"2020-09-27T16:41:53","slug":"planovi-za-bobovo-i-prostinac","status":"publish","type":"post","link":"https:\/\/centralmedia.rs\/index.php\/2020\/09\/03\/planovi-za-bobovo-i-prostinac\/","title":{"rendered":"PLANOVI ZA BOBOVO I PRO\u0160TINAC"},"content":{"rendered":"<p>SVILAJNAC-Predsednik op\u0161tine Svilajnac Predrag Milanovi\u0107 danas je posetio Bobovo i Pro\u0161tinac i sa me\u0161tanima utvrdio \u0161ta je realizovano od planova u prethodnom periodu i koje su potrebe za naredni period.<\/p>\n<div id='gallery-1' class='gallery galleryid-25062 gallery-columns-5 gallery-size-thumbnail'><figure class='gallery-item'>\n\t\t\t<div class='gallery-icon landscape'>\n\t\t\t\t<a href='https:\/\/centralmedia.rs\/index.php\/2020\/09\/03\/planovi-za-bobovo-i-prostinac\/milanovic1-2\/'><img loading=\"lazy\" decoding=\"async\" width=\"150\" height=\"150\" src=\"https:\/\/centralmedia.rs\/wp-content\/uploads\/2020\/09\/milanovic1-150x150.jpg\" class=\"attachment-thumbnail size-thumbnail\" alt=\"\" \/><\/a>\n\t\t\t<\/div><\/figure><figure class='gallery-item'>\n\t\t\t<div class='gallery-icon landscape'>\n\t\t\t\t<a href='https:\/\/centralmedia.rs\/index.php\/2020\/09\/03\/planovi-za-bobovo-i-prostinac\/milanovic2\/'><img loading=\"lazy\" decoding=\"async\" width=\"150\" height=\"150\" src=\"https:\/\/centralmedia.rs\/wp-content\/uploads\/2020\/09\/milanovic2-150x150.jpg\" class=\"attachment-thumbnail size-thumbnail\" alt=\"\" \/><\/a>\n\t\t\t<\/div><\/figure><figure class='gallery-item'>\n\t\t\t<div class='gallery-icon landscape'>\n\t\t\t\t<a href='https:\/\/centralmedia.rs\/index.php\/2020\/09\/03\/planovi-za-bobovo-i-prostinac\/milanovic3\/'><img loading=\"lazy\" decoding=\"async\" width=\"150\" height=\"150\" src=\"https:\/\/centralmedia.rs\/wp-content\/uploads\/2020\/09\/milanovic3-150x150.jpg\" class=\"attachment-thumbnail size-thumbnail\" alt=\"\" \/><\/a>\n\t\t\t<\/div><\/figure><figure class='gallery-item'>\n\t\t\t<div class='gallery-icon landscape'>\n\t\t\t\t<a href='https:\/\/centralmedia.rs\/index.php\/2020\/09\/03\/planovi-za-bobovo-i-prostinac\/milanovic4\/'><img loading=\"lazy\" decoding=\"async\" width=\"150\" height=\"150\" src=\"https:\/\/centralmedia.rs\/wp-content\/uploads\/2020\/09\/milanovic4-150x150.jpg\" class=\"attachment-thumbnail size-thumbnail\" alt=\"\" \/><\/a>\n\t\t\t<\/div><\/figure><figure class='gallery-item'>\n\t\t\t<div class='gallery-icon landscape'>\n\t\t\t\t<a href='https:\/\/centralmedia.rs\/index.php\/2020\/09\/03\/planovi-za-bobovo-i-prostinac\/milanovic-8\/'><img loading=\"lazy\" decoding=\"async\" width=\"150\" height=\"150\" src=\"https:\/\/centralmedia.rs\/wp-content\/uploads\/2020\/09\/milanovic-150x150.jpg\" class=\"attachment-thumbnail size-thumbnail\" alt=\"\" \/><\/a>\n\t\t\t<\/div><\/figure>\n\t\t<\/div>\n\n<p>-Dosta toga je uradjeno i danas vidite kako to izgleda. Sada smo dogovorili \u0161ta je jo\u0161 potrebno da se uradi do kraja godine, a \u0161ta da se stavi u plan za slede\u0107u godinu. U Bobovu je zavr\u0161en deo vodovodne mre\u017ee i dogovoreno je da do kraja godine bude ura\u0111eno 144 priklju\u010dka, dogovoren je i materijal za sanaciju crkve. U Pro\u0161tincu je izgra\u0111eno igrali\u0161te za \u0161kolu, plan je da se \u0161kola priklju\u010di na vodovod i dogovorili smo sa me\u0161tanima da dobiju materijal za sre\u0111ivanje dvori\u0161ta, izjavio je Milanovi\u0107.<\/p>\n<p>On je ovom prilikom najavio da \u0107e u narednom periodu obi\u0107i i druge mesne zajednice kako bi se utvrdile potrebe me\u0161tana.<\/p>\n","protected":false},"excerpt":{"rendered":"<p>SVILAJNAC-Predsednik op\u0161tine Svilajnac Predrag Milanovi\u0107 danas je posetio Bobovo i Pro\u0161tinac i sa me\u0161tanima utvrdio \u0161ta je realizovano od planova u prethodnom periodu i koje &hellip; <\/p>\n","protected":false},"author":2,"featured_media":25063,"comment_status":"open","ping_status":"open","sticky":false,"template":"","format":"standard","meta":{"footnotes":""},"categories":[1524,2,13,887,12,1517],"tags":[257,39,4847,38],"_links":{"self":[{"href":"https:\/\/centralmedia.rs\/index.php\/wp-json\/wp\/v2\/posts\/25062"}],"collection":[{"href":"https:\/\/centralmedia.rs\/index.php\/wp-json\/wp\/v2\/posts"}],"about":[{"href":"https:\/\/centralmedia.rs\/index.php\/wp-json\/wp\/v2\/types\/post"}],"author":[{"embeddable":true,"href":"https:\/\/centralmedia.rs\/index.php\/wp-json\/wp\/v2\/users\/2"}],"replies":[{"embeddable":true,"href":"https:\/\/centralmedia.rs\/index.php\/wp-json\/wp\/v2\/comments?post=25062"}],"version-history":[{"count":1,"href":"https:\/\/centralmedia.rs\/index.php\/wp-json\/wp\/v2\/posts\/25062\/revisions"}],"predecessor-version":[{"id":25068,"href":"https:\/\/centralmedia.rs\/index.php\/wp-json\/wp\/v2\/posts\/25062\/revisions\/25068"}],"wp:featuredmedia":[{"embeddable":true,"href":"https:\/\/centralmedia.rs\/index.php\/wp-json\/wp\/v2\/media\/25063"}],"wp:attachment":[{"href":"https:\/\/centralmedia.rs\/index.php\/wp-json\/wp\/v2\/media?parent=25062"}],"wp:term":[{"taxonomy":"category","embeddable":true,"href":"https:\/\/centralmedia.rs\/index.php\/wp-json\/wp\/v2\/categories?post=25062"},{"taxonomy":"post_tag","embeddable":true,"href":"https:\/\/centralmedia.rs\/index.php\/wp-json\/wp\/v2\/tags?post=25062"}],"curies":[{"name":"wp","href":"https:\/\/api.w.org\/{rel}","templated":true}]}}