{"id":25080,"date":"2020-09-05T08:35:01","date_gmt":"2020-09-05T08:35:01","guid":{"rendered":"http:\/\/centralmedia.rs\/?p=25080"},"modified":"2020-09-27T16:42:32","modified_gmt":"2020-09-27T16:42:32","slug":"naprednjaci-preuzeli-odgovornost-za-paracin","status":"publish","type":"post","link":"https:\/\/centralmedia.rs\/index.php\/2020\/09\/05\/naprednjaci-preuzeli-odgovornost-za-paracin\/","title":{"rendered":"NAPREDNJACI PREUZELI ODGOVORNOST ZA PARA\u0106IN"},"content":{"rendered":"<p>PARA\u0106IN- Srpska napredna stranka preuzela je odgovornost za Para\u0107in, posle dve decenije koalicione vlasti biv\u0161ih demokrata i NP Svi za Para\u0107in. Nova predsednica SO je Slavica Jovanovi\u0107 iz Izvora, dok je za predsednika op\u0161tine izabran Vladimir Mili\u0107evi\u0107, oboje iz SNS. Oni su na tajnom glasanju 54 odbornika dobili 38 glasova podr\u0161ke. Njihovi zamenici su Milo\u0161 \u0110oki\u0107 i Milan Simi\u0107, tako\u0111e iz SNS, a novi \u010dlanovi Op\u0161tinskog ve\u0107a su Dejan \u0160uvalija, Novica Markovi\u0107, Bojan Veljkovi\u0107, Nenad Atanaskovi\u0107, Dejan Ne\u0161i\u0107, Dejan Miladinovi\u0107, Milo\u0161 Ne\u0161kovi\u0107, svi iz SNS, Branislav Stojanovi\u0107 &#8211; SPS i \u017darko Savi\u0107 &#8211; Zdrava pri\u010da. U lokalnom parlamentu i izvr\u0161noj vlasti SNS \u00a0je u koaliciji sa Zdravom pri\u010dom, SPS i JS, odnosno 36 odborni\u010dkih mandata od 55. Sekretar Skup\u0161tine je Dragana Kosti\u0107. U predhodnom sazivu Zdrava pri\u010da i SPS podr\u017eavali su predhodnu vlast.<\/p>\n<div id='gallery-1' class='gallery galleryid-25080 gallery-columns-7 gallery-size-thumbnail'><figure class='gallery-item'>\n\t\t\t<div class='gallery-icon landscape'>\n\t\t\t\t<a href='https:\/\/centralmedia.rs\/index.php\/2020\/09\/05\/naprednjaci-preuzeli-odgovornost-za-paracin\/sasa-paunovic-9\/'><img loading=\"lazy\" decoding=\"async\" width=\"150\" height=\"150\" src=\"https:\/\/centralmedia.rs\/wp-content\/uploads\/2020\/09\/sasa-paunovic-150x150.jpg\" class=\"attachment-thumbnail size-thumbnail\" alt=\"\" \/><\/a>\n\t\t\t<\/div><\/figure><figure class='gallery-item'>\n\t\t\t<div class='gallery-icon landscape'>\n\t\t\t\t<a href='https:\/\/centralmedia.rs\/index.php\/2020\/09\/05\/naprednjaci-preuzeli-odgovornost-za-paracin\/so-paracin-4\/'><img loading=\"lazy\" decoding=\"async\" width=\"150\" height=\"150\" src=\"https:\/\/centralmedia.rs\/wp-content\/uploads\/2020\/09\/so-paracin-150x150.jpg\" class=\"attachment-thumbnail size-thumbnail\" alt=\"\" \/><\/a>\n\t\t\t<\/div><\/figure><figure class='gallery-item'>\n\t\t\t<div class='gallery-icon landscape'>\n\t\t\t\t<a href='https:\/\/centralmedia.rs\/index.php\/2020\/09\/05\/naprednjaci-preuzeli-odgovornost-za-paracin\/so-paracin1-2\/'><img loading=\"lazy\" decoding=\"async\" width=\"150\" height=\"150\" src=\"https:\/\/centralmedia.rs\/wp-content\/uploads\/2020\/09\/so-paracin1-150x150.jpg\" class=\"attachment-thumbnail size-thumbnail\" alt=\"\" \/><\/a>\n\t\t\t<\/div><\/figure><figure class='gallery-item'>\n\t\t\t<div class='gallery-icon landscape'>\n\t\t\t\t<a href='https:\/\/centralmedia.rs\/index.php\/2020\/09\/05\/naprednjaci-preuzeli-odgovornost-za-paracin\/so-paracin2-2\/'><img loading=\"lazy\" decoding=\"async\" width=\"150\" height=\"150\" src=\"https:\/\/centralmedia.rs\/wp-content\/uploads\/2020\/09\/so-paracin2-150x150.jpg\" class=\"attachment-thumbnail size-thumbnail\" alt=\"\" \/><\/a>\n\t\t\t<\/div><\/figure><figure class='gallery-item'>\n\t\t\t<div class='gallery-icon landscape'>\n\t\t\t\t<a href='https:\/\/centralmedia.rs\/index.php\/2020\/09\/05\/naprednjaci-preuzeli-odgovornost-za-paracin\/so-paracin3\/'><img loading=\"lazy\" decoding=\"async\" width=\"150\" height=\"150\" src=\"https:\/\/centralmedia.rs\/wp-content\/uploads\/2020\/09\/so-paracin3-150x150.jpg\" class=\"attachment-thumbnail size-thumbnail\" alt=\"\" \/><\/a>\n\t\t\t<\/div><\/figure><figure class='gallery-item'>\n\t\t\t<div class='gallery-icon landscape'>\n\t\t\t\t<a href='https:\/\/centralmedia.rs\/index.php\/2020\/09\/05\/naprednjaci-preuzeli-odgovornost-za-paracin\/so-paracin4\/'><img loading=\"lazy\" decoding=\"async\" width=\"150\" height=\"150\" src=\"https:\/\/centralmedia.rs\/wp-content\/uploads\/2020\/09\/so-paracin4-150x150.jpg\" class=\"attachment-thumbnail size-thumbnail\" alt=\"\" \/><\/a>\n\t\t\t<\/div><\/figure><figure class='gallery-item'>\n\t\t\t<div class='gallery-icon landscape'>\n\t\t\t\t<a href='https:\/\/centralmedia.rs\/index.php\/2020\/09\/05\/naprednjaci-preuzeli-odgovornost-za-paracin\/vladimir-milicevic\/'><img loading=\"lazy\" decoding=\"async\" width=\"150\" height=\"150\" src=\"https:\/\/centralmedia.rs\/wp-content\/uploads\/2020\/09\/vladimir-milicevic-150x150.jpg\" class=\"attachment-thumbnail size-thumbnail\" alt=\"\" \/><\/a>\n\t\t\t<\/div><\/figure>\n\t\t<\/div>\n\n<p>Mili\u0107evi\u0107 je na prvom obra\u0107anju rekao da Para\u0107in ,,mnogo zaostaje u odnosu na druge u okru\u017eenju&#8221; i najavio da \u0107e nova vlast pokrenuti Para\u0107in. On nije izneo detaljniji program rada, ve\u0107 je svoje planovne uslovio trenutnim bud\u017eetom op\u0161tine i preraspodelom sredstava, odnosno rebalansom, te najavio projekate rekonstrukcije javnih objekata \u010diju je realizacija dr\u017eava zaustavila u martu zbog pandemije koronavirusa.<\/p>\n<p>&#8211; Prvo \u0107u da vidim kakav je bud\u017eet, a posle toga kre\u0107emo u ozbiljan rad, moramo da preraspodelimo sredstva, kako znamo i umemo. Kre\u0107emo sa realizacijom velikih projekata, gradu su potebne velike promene, ho\u0107emo da preporodimo Para\u0107in. To je na\u0161 cilj i da\u0107emo sve od sebe da to u\u010dinimo. Re\u010d je o projektima koji su do sada trebali da budu ura\u0111eni, nije zavr\u0161ena projektna dokumentacija, sredstva od dr\u017eave su obezbe\u0111ena. U najkra\u0107em roku uradi\u0107emo dokumentaciju i krenu\u0107emo sa rekonstrukcijom i dogradnjom Op\u0161te bolnice, O\u0160 Radoje Domanovi\u0107 i Centra za socijalni rad. Predhodna lokalna \u00a0vlast nije htela da komunicira sa dr\u017eavnim nivoom vlasti, to je bila izuzetno lo\u0161a komunikacija. Mi \u0107emo imati odli\u010dnu komunikaciju, juri\u0107emo po svim ministarstvima, radi\u0107emo doma\u0107e i me\u0111unarodne projekte, gde god mo\u017ee da se dobije novac. Iskreno se nadam da \u0107e Vlada Srbije pomo\u0107i lokalni bud\u017eet, rekao je Mili\u0107evi\u0107.<\/p>\n<p>On je najvio pro\u0161irenje industrijske zone, kako bi bila u mogu\u0107nosti da prihvati ve\u0107e investitore, kao i da \u0107e smanjiti bud\u017eet za medije, koji po njegovima re\u010dima iznosi ,,100 miliona dinara&#8221;. Ovaj saziv SO Para\u0107in \u010dini 55 odbornika \u2013 28 odbornika Srpske napredne stranke, 14 GG ,,Sigurno napred&#8221;, 5 odbornika NP Svi za Para\u0107in, 4 odbornika ,,Zdrava pri\u010da&#8221;, 3 odbornika Socijalisti\u010dke partije Srbije i 1 odbornik Jedinstvene Srbije. Konstitutivnom sednicom Skup\u0161tine op\u0161tine Para\u0107in predsedava najstarija odbornica Radojka Milovanovi\u0107 -SNS.<\/p>\n<p>REAKCIJE POSLE KONSTITUTIVNE SEDNICE<\/p>\n<p>Izjava Tomislava \u0160aleti\u0107a, nosioca liste Narodnog pokreta Svi za Para\u0107in<\/p>\n<p>-Pobednicima izbora \u010destitam i \u017eelim uspeha u radu. Kad sam ve\u0107 pomenuo izbore, moram da ka\u017eem da su ovo sigurno najprljaviji izbori od uvodjenja vi\u0161estrana\u010dja,nikad se nije ovoliko pretilo gra\u0111anima, ucenjivalo, podmi\u0107ivalo, kralo, kupovalo&#8230; i ja kao neko ko se bavi sportom, gde je fer plej obavezan, nikad ne bih pristao da ovako pobedjujem.<\/p>\n<p>Pokret Svi za Para\u0107in \u0107e u narednom periodu biti opozicija u skup\u0161tini.<\/p>\n<p>Ne\u0107emo biti opozicija kao \u0161to ste to bili vi, odnosno ne\u0107emo sa pristalicama upadati na sednice, na\u0161i odbornici ne\u0107e spavati u zgradi op\u0161tine niti \u0107emo dovoditi rudare iz drugih gradova na proteste. Naprotiv, kao i uvek do sada \u0107emo podr\u017eavati sve \u0161to je u interesu Para\u0107inaca, i ne\u0107emo se ustru\u010davati da glasamo za takve odluke, ali \u0107emo se svim snagama boriti protiv svih odluka na \u0161tetu Para\u0107inaca.Tu pre svega mislim na prelivanja para iz bud\u017eeta na ra\u010dune najbogatijih u na\u0161em gradu, da ne ka\u017eem tajkuna. Bi\u0107emo protiv vi\u0161emilionskih subvencija za prevoz, protiv kupovine dela biblioteke koja pripada privatnim licima, jer to op\u0161tini nije potrebno. Protiv privatizacije javnih preduze\u0107a, jer to dovodi do vi\u0161estrukog poskupljenja usluga na \u0161tetu gra\u0111ana, protiv zidanja zgrada na javnim povr\u0161inama, parkinzima, parkovima. Ne mo\u017eemo podr\u017eavati da na najva\u017enije funkcije budu imenovane osobe koje su pravosna\u017eno osudjene za korupciju, jer to \u0161alje lo\u0161u sliku o op\u0161tini, napisao je \u0160aleti\u0107.<\/p>\n<p>&nbsp;<\/p>\n","protected":false},"excerpt":{"rendered":"<p>PARA\u0106IN- Srpska napredna stranka preuzela je odgovornost za Para\u0107in, posle dve decenije koalicione vlasti biv\u0161ih demokrata i NP Svi za Para\u0107in. Nova predsednica SO je &hellip; <\/p>\n","protected":false},"author":2,"featured_media":25081,"comment_status":"open","ping_status":"open","sticky":false,"template":"","format":"standard","meta":{"footnotes":""},"categories":[1524,2,1516,13,887,12],"tags":[758,156,3613],"_links":{"self":[{"href":"https:\/\/centralmedia.rs\/index.php\/wp-json\/wp\/v2\/posts\/25080"}],"collection":[{"href":"https:\/\/centralmedia.rs\/index.php\/wp-json\/wp\/v2\/posts"}],"about":[{"href":"https:\/\/centralmedia.rs\/index.php\/wp-json\/wp\/v2\/types\/post"}],"author":[{"embeddable":true,"href":"https:\/\/centralmedia.rs\/index.php\/wp-json\/wp\/v2\/users\/2"}],"replies":[{"embeddable":true,"href":"https:\/\/centralmedia.rs\/index.php\/wp-json\/wp\/v2\/comments?post=25080"}],"version-history":[{"count":3,"href":"https:\/\/centralmedia.rs\/index.php\/wp-json\/wp\/v2\/posts\/25080\/revisions"}],"predecessor-version":[{"id":25090,"href":"https:\/\/centralmedia.rs\/index.php\/wp-json\/wp\/v2\/posts\/25080\/revisions\/25090"}],"wp:featuredmedia":[{"embeddable":true,"href":"https:\/\/centralmedia.rs\/index.php\/wp-json\/wp\/v2\/media\/25081"}],"wp:attachment":[{"href":"https:\/\/centralmedia.rs\/index.php\/wp-json\/wp\/v2\/media?parent=25080"}],"wp:term":[{"taxonomy":"category","embeddable":true,"href":"https:\/\/centralmedia.rs\/index.php\/wp-json\/wp\/v2\/categories?post=25080"},{"taxonomy":"post_tag","embeddable":true,"href":"https:\/\/centralmedia.rs\/index.php\/wp-json\/wp\/v2\/tags?post=25080"}],"curies":[{"name":"wp","href":"https:\/\/api.w.org\/{rel}","templated":true}]}}