{"id":25091,"date":"2020-09-07T14:57:33","date_gmt":"2020-09-07T14:57:33","guid":{"rendered":"http:\/\/centralmedia.rs\/?p=25091"},"modified":"2020-09-27T16:42:37","modified_gmt":"2020-09-27T16:42:37","slug":"sasa-paunovic-ostaje-u-politici-osniva-politicku-organizaciju-novi-predsednik-opstine-paracin-stupio-na-duznost","status":"publish","type":"post","link":"https:\/\/centralmedia.rs\/index.php\/2020\/09\/07\/sasa-paunovic-ostaje-u-politici-osniva-politicku-organizaciju-novi-predsednik-opstine-paracin-stupio-na-duznost\/","title":{"rendered":"SA\u0160A PAUNOVI\u0106 OSTAJE U POLITICI, OSNIVA POLITI\u010cKU ORGANIZACIJU &#8211; NOVI PREDSEDNIK OP\u0160TINE PARA\u0106IN STUPIO NA DU\u017dNOST"},"content":{"rendered":"<p>&nbsp;<\/p>\n<p>PARA\u0106IN-Simboli\u010dnim izno\u0161enjem velike fotografije pokojnog premijera Zorana \u0110in\u0111i\u0107a iz kabineta izvr\u0161ena je primoredaja du\u017enosti predsednika op\u0161tine Para\u0107in izme\u0111u Sa\u0161e Paunovi\u0107a i Vladimira Mili\u0107evi\u0107a iz SNS, kome je predat izve\u0161taj Op\u0161tinskog ve\u0107a o kompletnom stanju u Op\u0161tini Para\u0107in. Paunovi\u0107 je najavio da \u0107e osnovati novu politi\u010dku organizaciju na lokalnom nivou i nastaviti opozicioni rad kao odbornik u SO Para\u0107in.<\/p>\n<div id='gallery-1' class='gallery galleryid-25091 gallery-columns-3 gallery-size-thumbnail'><figure class='gallery-item'>\n\t\t\t<div class='gallery-icon landscape'>\n\t\t\t\t<a href='https:\/\/centralmedia.rs\/index.php\/2020\/09\/07\/sasa-paunovic-ostaje-u-politici-osniva-politicku-organizaciju-novi-predsednik-opstine-paracin-stupio-na-duznost\/vladimir-milicevic1\/'><img loading=\"lazy\" decoding=\"async\" width=\"150\" height=\"150\" src=\"https:\/\/centralmedia.rs\/wp-content\/uploads\/2020\/09\/vladimir-milicevic1-150x150.jpg\" class=\"attachment-thumbnail size-thumbnail\" alt=\"\" \/><\/a>\n\t\t\t<\/div><\/figure><figure class='gallery-item'>\n\t\t\t<div class='gallery-icon portrait'>\n\t\t\t\t<a href='https:\/\/centralmedia.rs\/index.php\/2020\/09\/07\/sasa-paunovic-ostaje-u-politici-osniva-politicku-organizaciju-novi-predsednik-opstine-paracin-stupio-na-duznost\/vladimir-milicevic-2\/'><img loading=\"lazy\" decoding=\"async\" width=\"150\" height=\"150\" src=\"https:\/\/centralmedia.rs\/wp-content\/uploads\/2020\/09\/vladimir-milicevic-1-150x150.jpg\" class=\"attachment-thumbnail size-thumbnail\" alt=\"\" \/><\/a>\n\t\t\t<\/div><\/figure><figure class='gallery-item'>\n\t\t\t<div class='gallery-icon landscape'>\n\t\t\t\t<a href='https:\/\/centralmedia.rs\/index.php\/2020\/09\/07\/sasa-paunovic-ostaje-u-politici-osniva-politicku-organizaciju-novi-predsednik-opstine-paracin-stupio-na-duznost\/sasa-paunovic-10\/'><img loading=\"lazy\" decoding=\"async\" width=\"150\" height=\"150\" src=\"https:\/\/centralmedia.rs\/wp-content\/uploads\/2020\/09\/sasa-paunovic-1-150x150.jpg\" class=\"attachment-thumbnail size-thumbnail\" alt=\"\" \/><\/a>\n\t\t\t<\/div><\/figure>\n\t\t<\/div>\n\n<p>-Bolje bi bilo da je ranije formirana lokalna vlast, vi\u0161e stvari smo mogli da uradimo, mislim da bi bud\u017eet bio mnogo bolji, odnosno krenuli bi mnoge stvari da radimo. Prva stvar bi\u0107e utvr\u0111ivanje realnog stanja bud\u017eeta po upravama i sa \u010dime baratamo. Posle toga, usledi\u0107e izmene bud\u017eeta da bi mogli da sa\u010duvamo likividnost i dobijemo mogu\u0107nost da krenemo sa stvarima koje smo zamisli da uradimo. Zamislili smo puno stvari, \u010deka nas ogroman posao. Ne\u0107e biti lako, o\u010dekivanju su velika, na nama je da ta o\u010dekivanja i ispunimo. Bori\u0107emo se kao lavovi. Imamo dobar tim mladih, ali i iskusnih ljudi. Ne\u0107emo se tek tako predati, mislim da \u0107emo u naredom periodu preporoditi Para\u0107in. Ne\u0107e to biti sutra, za vreme prvog mandata pokrenu\u0107emo velike stvari. Prve stvari su pripremljene, odobrena su sredstva, a to su projekti vezani za rekonstrukciju O\u0160 Radoje Domanovi\u0107, Op\u0161te bolnice i Centra za socijalni rad. Dugo se radilo na projektima i nije mi jasno za\u0161to izrada dokumentacije traje po tri godine. Radi\u0107emo na tome da brzo zavr\u0161avamo projekte, jer samo tako mo\u017eemo da dobijemo sredstva dr\u017eave. Sve uprave radi\u0107e na projektima i tako razvijamo Para\u0107in, rekao je Mili\u0107evi\u0107 posle primoredaje du\u017enosti.<\/p>\n<p>SNS je u Para\u0107inu u \u00a0koaliciji sa SPS i GG Zdrava pri\u010da, koji su i u predhodnom mandatu bili deo vlasti koju je predvodio Paunovi\u0107.<\/p>\n<p>-Nameravamo da osnujemo politi\u010dku organizaciju, jer je ,,GG Sa\u0161a Paunovi\u0107 &#8211; Sigurno napred&#8221; svoju misiju zavr\u0161ila, ja ne\u0107u biti kandidat za predsednika op\u0161tine u budu\u0107nosti, ali bi\u0107u tu da kao odbornik i \u010dlan te nove politi\u010dke organizacije u\u010destvujem u politi\u010dkom \u017eivotu Para\u0107ina, a u saradnji sa drugim organizacijama i Srbije. Ta politi\u010dka organizacija bi\u0107e otvorena za sve koji \u017eele da se bore za promene u Srbiji, jer bez toga nema promena ni u Para\u0107inu. Organizacija \u0107e raditi po demokratskim principima, na osnovu izbora i odlu\u010divanja demokratskim putem. Ima\u0107e kao osnovu program koji smo predstavili na ovim izborima, a kada je re\u010d o dr\u017eavnim pitanjima podr\u017ea\u0107emo i pridru\u017ei\u0107emo se onim politi\u010dkim snagama koje tra\u017ee promene u Srbiji u smislu demokratizacije dru\u0161tva, vra\u0107anja stvarne slobode izbora, vladavine prava, zakona koji treba da va\u017ee jednako za sve i \u017eelimo novu zemlju koja \u0107e biti \u010dlan EU u budu\u0107nosti, najavio je Paunovi\u0107.<\/p>\n<p>On je objasnio da je re\u010d o novoj GG u tehni\u010dkom smislu.<\/p>\n<p>-Stanje bud\u017eeta u Para\u0107inu je isto kao u drguim lokalnim samoupravama u Srbiji u doba korone. Ministarsto finansija nam ove godine prvi put nije dalo saglasnost na zadu\u017eenje za kapitalne investije, iako ispunjavamo sve zakonske uslove \u00a0i mislim da je to politi\u010dka odluka. Nova vlast ne bi trebalo da ima problema oko dobijanja saglasnosti i time se sve re\u0161ava u radu op\u0161tine. Ove godine smo potro\u0161lili 66 miliona dinara manje, dakle, iako su bili izbori, mi smo bili \u0161tedljivi. Korona je uticala na prihode. Pored toga, postoji mogu\u0107nost da Vlada Srbije pomogne novu vlast iz teku\u0107e bud\u017eetske rezerve sa sredstvima \u010dija bi visina bilau nivou davanja dr\u017eave op\u0161tini Despotovac. Tako\u0111e, za kapitalne investicije mogu\u0107e je odlaganje pla\u0107anja za slede\u0107u godinu, predlo\u017eio je Paunovi\u0107 modalitete re\u0161avanja problema.<\/p>\n<p>GRA\u0110ANI IZABRALI NOVU VLAST<\/p>\n<p>-SNS je osvojila vlast u Para\u0107inu,nisu je dobili na izborima. Uz pomo\u0107 juri\u0161a na op\u0161tinu, uz pomo\u0107 rudara koji su dovo\u0111eni da protestuju isped op\u0161tine, pretnji i pritisaka, zloupotrebe dr\u017eavnih institucija, politi\u010dkih hap\u0161enja i uni\u0161tavanja ljudskih \u017eivota. La\u017enih vesti u medijima. Masovna kupovina glasova za vreme korone, pretnje preduzetnicima i ljudima iz drugih politi\u010dkih stranaka. To nije bio fer i korektan izborni proces, ali mi smo pristali na takva pravila, zato smo priznali izborni poraz. Zato nema nikakve dileme. Drugi momenat za\u0161to smo priznali izborni proaz u ovakvim uslovim je zato \u0161to su gra\u0111ani u Para\u0107inu imali izbor, znali su da postoji druga strana i druga opcija, da postoji druga\u010diji politi\u010dki program od pretnji i podmi\u0107ivanja, ali su svesno izabrali to \u0161to su izabrali i sa tim \u0107e \u017eiveti narednih godina. To je sloboda izbora gra\u0111ana koji su odlu\u010dili tako da glasaju. Ja \u0107u biti opozicioni odbornik u skup\u0161tini. Ovo nije moj politi\u010dki kraj, bi\u0107u u lokalnoj skup\u0161tini. Podse\u0107a\u0107emo lokalnu vlast na obe\u0107anja, podr\u017ea\u0107emo one odluke koje su vezane za na\u0161 predizborni program. Glasa\u0107emo protiv odluka koje idu u korist tajkunima koji vode sada lokalu vlast u Para\u0107inu. Ljudi koji su izabrani da formalno sprovode vlast su njihovi delegati, to je op\u0161te poznato. Zalaga\u0107emo se da o Para\u0107inu odlu\u010duju Para\u0107inci, protiv toga smo da se o svemu odlu\u010duje u centrali neke stranke. To je velika razlika izme\u0111u nas i onoga \u0161to je vode\u0107a politika u Para\u0107inu i Srbiji. SNS smatra da smo mi maloletni gra\u0111ani koji trebaju da imaju staratelja iz Beograda, istakao je Paunovi\u0107.<\/p>\n<p>&nbsp;<\/p>\n","protected":false},"excerpt":{"rendered":"<p>&nbsp; PARA\u0106IN-Simboli\u010dnim izno\u0161enjem velike fotografije pokojnog premijera Zorana \u0110in\u0111i\u0107a iz kabineta izvr\u0161ena je primoredaja du\u017enosti predsednika op\u0161tine Para\u0107in izme\u0111u Sa\u0161e Paunovi\u0107a i Vladimira Mili\u0107evi\u0107a iz &hellip; <\/p>\n","protected":false},"author":2,"featured_media":25092,"comment_status":"open","ping_status":"open","sticky":false,"template":"","format":"standard","meta":{"footnotes":""},"categories":[1524,2,1516,13,887,12],"tags":[156,4849,552,136],"_links":{"self":[{"href":"https:\/\/centralmedia.rs\/index.php\/wp-json\/wp\/v2\/posts\/25091"}],"collection":[{"href":"https:\/\/centralmedia.rs\/index.php\/wp-json\/wp\/v2\/posts"}],"about":[{"href":"https:\/\/centralmedia.rs\/index.php\/wp-json\/wp\/v2\/types\/post"}],"author":[{"embeddable":true,"href":"https:\/\/centralmedia.rs\/index.php\/wp-json\/wp\/v2\/users\/2"}],"replies":[{"embeddable":true,"href":"https:\/\/centralmedia.rs\/index.php\/wp-json\/wp\/v2\/comments?post=25091"}],"version-history":[{"count":4,"href":"https:\/\/centralmedia.rs\/index.php\/wp-json\/wp\/v2\/posts\/25091\/revisions"}],"predecessor-version":[{"id":25099,"href":"https:\/\/centralmedia.rs\/index.php\/wp-json\/wp\/v2\/posts\/25091\/revisions\/25099"}],"wp:featuredmedia":[{"embeddable":true,"href":"https:\/\/centralmedia.rs\/index.php\/wp-json\/wp\/v2\/media\/25092"}],"wp:attachment":[{"href":"https:\/\/centralmedia.rs\/index.php\/wp-json\/wp\/v2\/media?parent=25091"}],"wp:term":[{"taxonomy":"category","embeddable":true,"href":"https:\/\/centralmedia.rs\/index.php\/wp-json\/wp\/v2\/categories?post=25091"},{"taxonomy":"post_tag","embeddable":true,"href":"https:\/\/centralmedia.rs\/index.php\/wp-json\/wp\/v2\/tags?post=25091"}],"curies":[{"name":"wp","href":"https:\/\/api.w.org\/{rel}","templated":true}]}}