{"id":25101,"date":"2020-09-08T10:59:37","date_gmt":"2020-09-08T10:59:37","guid":{"rendered":"http:\/\/centralmedia.rs\/?p=25101"},"modified":"2020-09-27T16:42:43","modified_gmt":"2020-09-27T16:42:43","slug":"otkazan-vasar-u-svilajncu","status":"publish","type":"post","link":"https:\/\/centralmedia.rs\/index.php\/2020\/09\/08\/otkazan-vasar-u-svilajncu\/","title":{"rendered":"OTKAZAN VA\u0160AR U SVILAJNCU"},"content":{"rendered":"<p>SVILAJNAC- \u0160taba za vanredne situacije op\u0161tine Svilajnac doneo je zaklju\u010dak o otkazivanju odr\u017eavanja va\u0161ara 11. septembra, zbog spre\u010davanja \u0161irenja koronavirusa.<\/p>\n<p><img loading=\"lazy\" decoding=\"async\" class=\"alignnone wp-image-25102 size-full\" src=\"http:\/\/centralmedia.rs\/wp-content\/uploads\/2020\/09\/VASAR.jpg\" alt=\"\" width=\"824\" height=\"942\" srcset=\"https:\/\/centralmedia.rs\/wp-content\/uploads\/2020\/09\/VASAR.jpg 824w, https:\/\/centralmedia.rs\/wp-content\/uploads\/2020\/09\/VASAR-262x300.jpg 262w, https:\/\/centralmedia.rs\/wp-content\/uploads\/2020\/09\/VASAR-768x878.jpg 768w, https:\/\/centralmedia.rs\/wp-content\/uploads\/2020\/09\/VASAR-367x420.jpg 367w, https:\/\/centralmedia.rs\/wp-content\/uploads\/2020\/09\/VASAR-640x732.jpg 640w, https:\/\/centralmedia.rs\/wp-content\/uploads\/2020\/09\/VASAR-681x779.jpg 681w\" sizes=\"(max-width: 824px) 100vw, 824px\" \/><\/p>\n","protected":false},"excerpt":{"rendered":"<p>SVILAJNAC- \u0160taba za vanredne situacije op\u0161tine Svilajnac doneo je zaklju\u010dak o otkazivanju odr\u017eavanja va\u0161ara 11. septembra, zbog spre\u010davanja \u0161irenja koronavirusa.<\/p>\n","protected":false},"author":2,"featured_media":16039,"comment_status":"open","ping_status":"open","sticky":false,"template":"","format":"standard","meta":{"footnotes":""},"categories":[1524,2,887,16,12,1517,1],"tags":[4576,4850,38,1107],"_links":{"self":[{"href":"https:\/\/centralmedia.rs\/index.php\/wp-json\/wp\/v2\/posts\/25101"}],"collection":[{"href":"https:\/\/centralmedia.rs\/index.php\/wp-json\/wp\/v2\/posts"}],"about":[{"href":"https:\/\/centralmedia.rs\/index.php\/wp-json\/wp\/v2\/types\/post"}],"author":[{"embeddable":true,"href":"https:\/\/centralmedia.rs\/index.php\/wp-json\/wp\/v2\/users\/2"}],"replies":[{"embeddable":true,"href":"https:\/\/centralmedia.rs\/index.php\/wp-json\/wp\/v2\/comments?post=25101"}],"version-history":[{"count":1,"href":"https:\/\/centralmedia.rs\/index.php\/wp-json\/wp\/v2\/posts\/25101\/revisions"}],"predecessor-version":[{"id":25103,"href":"https:\/\/centralmedia.rs\/index.php\/wp-json\/wp\/v2\/posts\/25101\/revisions\/25103"}],"wp:featuredmedia":[{"embeddable":true,"href":"https:\/\/centralmedia.rs\/index.php\/wp-json\/wp\/v2\/media\/16039"}],"wp:attachment":[{"href":"https:\/\/centralmedia.rs\/index.php\/wp-json\/wp\/v2\/media?parent=25101"}],"wp:term":[{"taxonomy":"category","embeddable":true,"href":"https:\/\/centralmedia.rs\/index.php\/wp-json\/wp\/v2\/categories?post=25101"},{"taxonomy":"post_tag","embeddable":true,"href":"https:\/\/centralmedia.rs\/index.php\/wp-json\/wp\/v2\/tags?post=25101"}],"curies":[{"name":"wp","href":"https:\/\/api.w.org\/{rel}","templated":true}]}}