{"id":25104,"date":"2020-09-08T11:06:06","date_gmt":"2020-09-08T11:06:06","guid":{"rendered":"http:\/\/centralmedia.rs\/?p=25104"},"modified":"2020-09-27T16:42:56","modified_gmt":"2020-09-27T16:42:56","slug":"dualno-obrazovanje-u-svilajncu","status":"publish","type":"post","link":"https:\/\/centralmedia.rs\/index.php\/2020\/09\/08\/dualno-obrazovanje-u-svilajncu\/","title":{"rendered":"DUALNO OBRAZOVANJE U SVILAJNCU"},"content":{"rendered":"<p>SVILAJNAC- U\u010denici tre\u0107eg i drugog razreda Srednje \u0161kole Svilajnac, obrazovnog profila sa elementima dualnog obrazovanja bravar \u2013 zavariva\u010d, potpisali su ugovore za obavljanje stru\u010dne prakse u kompaniji \u201eAlfa tehniks\u201c koja posluje u tom gradu. U\u010denici u ovoj kompaniji imaju priliku da nau\u010de sve metode zavarivanja od stru\u010dnih lica, koriste\u0107i moderne ma\u0161ine i da praksu obavljaju u posebno opremljenoj radionici u skladu sa planom i programom ovog obrazovnog profila. Direktorka ljudskih resursa u ovoj kompaniji Irena Radosavljevi\u0107 ka\u017ee da je saradnja Alfa tehniksa i Srednje \u0161kole Svilajnac na visokom nivou. U\u010denici imaju mogu\u0107nost i da se ukoliko su se istakli svojim radom tokom prakse, na kraju \u0161kolovanja i zaposle u ovoj kompaniji.<\/p>\n<div id='gallery-1' class='gallery galleryid-25104 gallery-columns-3 gallery-size-thumbnail'><figure class='gallery-item'>\n\t\t\t<div class='gallery-icon landscape'>\n\t\t\t\t<a href='https:\/\/centralmedia.rs\/index.php\/2020\/09\/08\/dualno-obrazovanje-u-svilajncu\/dualno-obrazovanje\/'><img loading=\"lazy\" decoding=\"async\" width=\"150\" height=\"150\" src=\"https:\/\/centralmedia.rs\/wp-content\/uploads\/2020\/09\/dualno-obrazovanje-150x150.jpg\" class=\"attachment-thumbnail size-thumbnail\" alt=\"\" \/><\/a>\n\t\t\t<\/div><\/figure><figure class='gallery-item'>\n\t\t\t<div class='gallery-icon landscape'>\n\t\t\t\t<a href='https:\/\/centralmedia.rs\/index.php\/2020\/09\/08\/dualno-obrazovanje-u-svilajncu\/dualno-obrazovanje1\/'><img loading=\"lazy\" decoding=\"async\" width=\"150\" height=\"150\" src=\"https:\/\/centralmedia.rs\/wp-content\/uploads\/2020\/09\/dualno-obrazovanje1-150x150.jpg\" class=\"attachment-thumbnail size-thumbnail\" alt=\"\" \/><\/a>\n\t\t\t<\/div><\/figure><figure class='gallery-item'>\n\t\t\t<div class='gallery-icon landscape'>\n\t\t\t\t<a href='https:\/\/centralmedia.rs\/index.php\/2020\/09\/08\/dualno-obrazovanje-u-svilajncu\/dualno-obrazovanje2\/'><img loading=\"lazy\" decoding=\"async\" width=\"150\" height=\"150\" src=\"https:\/\/centralmedia.rs\/wp-content\/uploads\/2020\/09\/dualno-obrazovanje2-150x150.jpg\" class=\"attachment-thumbnail size-thumbnail\" alt=\"\" \/><\/a>\n\t\t\t<\/div><\/figure>\n\t\t<\/div>\n\n","protected":false},"excerpt":{"rendered":"<p>SVILAJNAC- U\u010denici tre\u0107eg i drugog razreda Srednje \u0161kole Svilajnac, obrazovnog profila sa elementima dualnog obrazovanja bravar \u2013 zavariva\u010d, potpisali su ugovore za obavljanje stru\u010dne prakse &hellip; <\/p>\n","protected":false},"author":2,"featured_media":25105,"comment_status":"open","ping_status":"open","sticky":false,"template":"","format":"standard","meta":{"footnotes":""},"categories":[22,1524,2,887,12,1517],"tags":[4851,38,1036],"_links":{"self":[{"href":"https:\/\/centralmedia.rs\/index.php\/wp-json\/wp\/v2\/posts\/25104"}],"collection":[{"href":"https:\/\/centralmedia.rs\/index.php\/wp-json\/wp\/v2\/posts"}],"about":[{"href":"https:\/\/centralmedia.rs\/index.php\/wp-json\/wp\/v2\/types\/post"}],"author":[{"embeddable":true,"href":"https:\/\/centralmedia.rs\/index.php\/wp-json\/wp\/v2\/users\/2"}],"replies":[{"embeddable":true,"href":"https:\/\/centralmedia.rs\/index.php\/wp-json\/wp\/v2\/comments?post=25104"}],"version-history":[{"count":1,"href":"https:\/\/centralmedia.rs\/index.php\/wp-json\/wp\/v2\/posts\/25104\/revisions"}],"predecessor-version":[{"id":25108,"href":"https:\/\/centralmedia.rs\/index.php\/wp-json\/wp\/v2\/posts\/25104\/revisions\/25108"}],"wp:featuredmedia":[{"embeddable":true,"href":"https:\/\/centralmedia.rs\/index.php\/wp-json\/wp\/v2\/media\/25105"}],"wp:attachment":[{"href":"https:\/\/centralmedia.rs\/index.php\/wp-json\/wp\/v2\/media?parent=25104"}],"wp:term":[{"taxonomy":"category","embeddable":true,"href":"https:\/\/centralmedia.rs\/index.php\/wp-json\/wp\/v2\/categories?post=25104"},{"taxonomy":"post_tag","embeddable":true,"href":"https:\/\/centralmedia.rs\/index.php\/wp-json\/wp\/v2\/tags?post=25104"}],"curies":[{"name":"wp","href":"https:\/\/api.w.org\/{rel}","templated":true}]}}