{"id":25109,"date":"2020-09-08T11:18:44","date_gmt":"2020-09-08T11:18:44","guid":{"rendered":"http:\/\/centralmedia.rs\/?p=25109"},"modified":"2020-09-27T16:42:49","modified_gmt":"2020-09-27T16:42:49","slug":"sindikat-vrtica-dogovorio-sa-opstinom-svilajnac-isplatu-zaostalih-zarada","status":"publish","type":"post","link":"https:\/\/centralmedia.rs\/index.php\/2020\/09\/08\/sindikat-vrtica-dogovorio-sa-opstinom-svilajnac-isplatu-zaostalih-zarada\/","title":{"rendered":"SINDIKAT VRTI\u0106A DOGOVORIO SA OP\u0160TINOM SVILAJNAC ISPLATU ZAOSTALIH ZARADA"},"content":{"rendered":"<p>SVILAJNAC-Zbog zastoja u saradnji sa lokalnom samoupravom i krizne situacije koja preti da blokira rad \u00a0predstavnici sindikata Pred\u0161kolske ustanove \u201eDe\u010dja radost\u201c odr\u017eali su sastanak sa rukovodstvom Op\u0161tine Svilajnac. Na sastanku je izme\u0111u ostalog sindikalcima predo\u010dena situacija da vr\u0161ilac du\u017enosti direktora PU \u201eDe\u010dja radost\u201c ve\u0107 mesecima odbija da sara\u0111uje sa Op\u0161tinom Svilajnac koja je osniva\u010d ustanove, ne postupa po nalogu prosvetnog inspektora koji je vi\u0161e puta u toku prethodnog meseca nalo\u017eio da se uklone nepravilnosti koje postoje u radu, ne postupa ni po odlukama i zahtevima Upravnog odbora ustanove, iako je sve napred navedeno du\u017enost direktora Ustanove, u skladu sa \u010dlanom 126. Zakona o osnovama sistema obrazovanja i vaspitanja. Zbog pomenutih povreda zakona, nastao je zastoj u saradnji sa lokalnom samoupravom pa radnici ove ustanove nisu primili li\u010dni dohodak od 15. jula. Tako\u0111e, svim radnicima koji su zaposleni na odre\u0111eno radno vreme nisu produ\u017eeni ugovori, iako se, prema re\u010dima sindikata zaposlenih, smatra da su ta radna mesta neophodna za normalno funkcionisanje ustanove.<\/p>\n<div id='gallery-1' class='gallery galleryid-25109 gallery-columns-3 gallery-size-thumbnail'><figure class='gallery-item'>\n\t\t\t<div class='gallery-icon landscape'>\n\t\t\t\t<a href='https:\/\/centralmedia.rs\/index.php\/2020\/09\/08\/sindikat-vrtica-dogovorio-sa-opstinom-svilajnac-isplatu-zaostalih-zarada\/sindikat-vrtic-i-opstina1\/'><img loading=\"lazy\" decoding=\"async\" width=\"150\" height=\"150\" src=\"https:\/\/centralmedia.rs\/wp-content\/uploads\/2020\/09\/sindikat-vrtic-i-opstina1-150x150.jpg\" class=\"attachment-thumbnail size-thumbnail\" alt=\"\" \/><\/a>\n\t\t\t<\/div><\/figure><figure class='gallery-item'>\n\t\t\t<div class='gallery-icon landscape'>\n\t\t\t\t<a href='https:\/\/centralmedia.rs\/index.php\/2020\/09\/08\/sindikat-vrtica-dogovorio-sa-opstinom-svilajnac-isplatu-zaostalih-zarada\/sindikat-vrtic-i-opstina2\/'><img loading=\"lazy\" decoding=\"async\" width=\"150\" height=\"150\" src=\"https:\/\/centralmedia.rs\/wp-content\/uploads\/2020\/09\/sindikat-vrtic-i-opstina2-150x150.jpg\" class=\"attachment-thumbnail size-thumbnail\" alt=\"\" \/><\/a>\n\t\t\t<\/div><\/figure><figure class='gallery-item'>\n\t\t\t<div class='gallery-icon landscape'>\n\t\t\t\t<a href='https:\/\/centralmedia.rs\/index.php\/2020\/09\/08\/sindikat-vrtica-dogovorio-sa-opstinom-svilajnac-isplatu-zaostalih-zarada\/sindikat-vrtic-i-opstina\/'><img loading=\"lazy\" decoding=\"async\" width=\"150\" height=\"150\" src=\"https:\/\/centralmedia.rs\/wp-content\/uploads\/2020\/09\/sindikat-vrtic-i-opstina-150x150.jpg\" class=\"attachment-thumbnail size-thumbnail\" alt=\"\" \/><\/a>\n\t\t\t<\/div><\/figure>\n\t\t<\/div>\n\n<p>-Danas smo na sastanku sa Op\u0161tinskom upravom dogovorili isplatu li\u010dnog dohotka, i od strane lokalne samouprave postoji dobra volja da se problem re\u0161i. S druge strane, mi smo najavili \u0161trajk upozorenja, koji \u0107e nastupiti 10 dana nakon dono\u0161enja ove odluke. U toku tih 10 dana pregovara\u0107emo i sa v.d. direktorkom da se ispune na\u0161i zahtevi kako do \u0161trajka ne bi do\u0161lo, izjavila je nakon sastanka Biljana \u0110urkovi\u0107, predsednik sindikalne organizacije PU \u201eDe\u010dja radost\u201c.<\/p>\n<p>-Ja sam zakora\u010dila u \u010detrdesetu godinu radnog sta\u017ea u vrti\u0107u, zaposlena sam godinu dana nakon osnivanja vrti\u0107a, pamtim mnoga vremena ali nikada do sada nije bilo ovako. Smatram da je zakonska obaveza direktora da sara\u0111uje sa op\u0161tinom. Mi jesmo uhodani i radimo svoj posao savesno, ali ova situacija i napetost ne vode ni\u010demu. Potrudi\u0107emo se da se izborimo sa direktorkom, jer ona mora da po\u0161tuje zakon i \u017ealosno je i za ljude koji su ostali bez posla jer oni rade u ustanovi du\u017ei niz godina, ka\u017ee Ljiljana Svetozarevi\u0107, medicinska sestra\/vaspita\u010d.<\/p>\n","protected":false},"excerpt":{"rendered":"<p>SVILAJNAC-Zbog zastoja u saradnji sa lokalnom samoupravom i krizne situacije koja preti da blokira rad \u00a0predstavnici sindikata Pred\u0161kolske ustanove \u201eDe\u010dja radost\u201c odr\u017eali su sastanak sa &hellip; <\/p>\n","protected":false},"author":2,"featured_media":25110,"comment_status":"open","ping_status":"open","sticky":false,"template":"","format":"standard","meta":{"footnotes":""},"categories":[1524,2,13,887,12,1517],"tags":[2298,4852,1013,508],"_links":{"self":[{"href":"https:\/\/centralmedia.rs\/index.php\/wp-json\/wp\/v2\/posts\/25109"}],"collection":[{"href":"https:\/\/centralmedia.rs\/index.php\/wp-json\/wp\/v2\/posts"}],"about":[{"href":"https:\/\/centralmedia.rs\/index.php\/wp-json\/wp\/v2\/types\/post"}],"author":[{"embeddable":true,"href":"https:\/\/centralmedia.rs\/index.php\/wp-json\/wp\/v2\/users\/2"}],"replies":[{"embeddable":true,"href":"https:\/\/centralmedia.rs\/index.php\/wp-json\/wp\/v2\/comments?post=25109"}],"version-history":[{"count":2,"href":"https:\/\/centralmedia.rs\/index.php\/wp-json\/wp\/v2\/posts\/25109\/revisions"}],"predecessor-version":[{"id":25114,"href":"https:\/\/centralmedia.rs\/index.php\/wp-json\/wp\/v2\/posts\/25109\/revisions\/25114"}],"wp:featuredmedia":[{"embeddable":true,"href":"https:\/\/centralmedia.rs\/index.php\/wp-json\/wp\/v2\/media\/25110"}],"wp:attachment":[{"href":"https:\/\/centralmedia.rs\/index.php\/wp-json\/wp\/v2\/media?parent=25109"}],"wp:term":[{"taxonomy":"category","embeddable":true,"href":"https:\/\/centralmedia.rs\/index.php\/wp-json\/wp\/v2\/categories?post=25109"},{"taxonomy":"post_tag","embeddable":true,"href":"https:\/\/centralmedia.rs\/index.php\/wp-json\/wp\/v2\/tags?post=25109"}],"curies":[{"name":"wp","href":"https:\/\/api.w.org\/{rel}","templated":true}]}}