{"id":2511,"date":"2016-03-24T13:21:20","date_gmt":"2016-03-24T13:21:20","guid":{"rendered":"http:\/\/centralmedia.rs\/?p=2511"},"modified":"2016-03-24T13:21:20","modified_gmt":"2016-03-24T13:21:20","slug":"raseljeni-potpisuju-sporazum-sa-vulinom","status":"publish","type":"post","link":"https:\/\/centralmedia.rs\/index.php\/2016\/03\/24\/raseljeni-potpisuju-sporazum-sa-vulinom\/","title":{"rendered":"RASELJENI POTPISUJU SPORAZUM SA VULINOM"},"content":{"rendered":"<p>JAGODINA-Raseljeni Srbi sa KIM potpisa\u0107e koalicioni sporazum sa Pokretom socijalista, \u0161to \u0107e im omogu\u0107iti odpo\u010dinjanje procesa povratka na vekovna ognji\u0161ta posle 17 godina, re\u010deno je danas prilikom posete potpredsednika PS Bratislava Jugovi\u0107a i predsednika Kolicije raseljenih lica sa KIM Milo\u0161a Stojkovi\u0107a  doma\u0107instvu Jovice Spasi\u0107a, koji posle raseljavanja iz sela \u017ditinje kod Vitine \u017eivi u Ribaru kod Jagodine.  Oni su istakali da je sa KIM raseljeno 200 hiljada Srba i da oni imaju pravo da se vrate na svoja ognji\u0161ta, te najavili da \u0107e raseljeni Srbi dobiti svog predstavnika u izvr\u0161noj vlasti.<br \/>\n-Glas raseljenih kona\u010dno \u0107e se \u010duti u izvr\u0161noj vlasti u Beogradu, bi\u0107e mnogo ja\u010di i prodorniji nego \u0161to je to do sada bio slu\u010daj. Saradnja sa PS \u0107e nam omogu\u0107iti lak\u0161e ostvarivanje programa i ciljeva, rekao je Stojkovi\u0107.   <a href=\"https:\/\/centralmedia.rs\/wp-content\/uploads\/2016\/03\/spsic-sa-porodicom-i-stojkovicem-jagodina-g.j..jpg\" rel=\"attachment wp-att-2513\"><img loading=\"lazy\" decoding=\"async\" src=\"https:\/\/centralmedia.rs\/wp-content\/uploads\/2016\/03\/spsic-sa-porodicom-i-stojkovicem-jagodina-g.j.-300x201.jpg\" alt=\"spsic sa porodicom i stojkovicem-jagodina-g.j.\" width=\"300\" height=\"201\" class=\"alignnone size-medium wp-image-2513\" srcset=\"https:\/\/centralmedia.rs\/wp-content\/uploads\/2016\/03\/spsic-sa-porodicom-i-stojkovicem-jagodina-g.j.-300x201.jpg 300w, https:\/\/centralmedia.rs\/wp-content\/uploads\/2016\/03\/spsic-sa-porodicom-i-stojkovicem-jagodina-g.j.-768x515.jpg 768w, https:\/\/centralmedia.rs\/wp-content\/uploads\/2016\/03\/spsic-sa-porodicom-i-stojkovicem-jagodina-g.j..jpg 900w\" sizes=\"(max-width: 300px) 100vw, 300px\" \/><\/a><br \/>\nOn je najavio da \u0107e politi\u010dki sporazum o zajedni\u010dkom delovanju sa Pokretom socijalista biti potpisan sa  Aleksandrom Vulinom u subotu u Kragujevcu.<br \/>\n-Simobl borbe Pokreta Socijalista i Koalicije raseljenih lica je zapravo  Spasi\u0107 koji je sa porodi\u010dnog imanja morao da do\u0111e u Jagodinu bez igde i\u010deg. Sada je stasao u uglednog \u010doveka. Njegova borba simbolizuje i borbu svih nas koji smo protiv NATO integracija. Borba za raseljene je borba za integritet dr\u017eave, ali i svaki drugi integritet, istakao je Jugovi\u0107 i poru\u010dio da \u0107e ranija uspe\u0161na saradnja sa raseljenim licima i iskrena borba za teritorijalni integritet Srbije sada biti verifikovana kroz sporazum o zajedni\u010dkom delovanju.<\/p>\n","protected":false},"excerpt":{"rendered":"<p>JAGODINA-Raseljeni Srbi sa KIM potpisa\u0107e koalicioni sporazum sa Pokretom socijalista, \u0161to \u0107e im omogu\u0107iti odpo\u010dinjanje procesa povratka na vekovna ognji\u0161ta posle 17 godina, re\u010deno je &hellip; <\/p>\n","protected":false},"author":4,"featured_media":2512,"comment_status":"open","ping_status":"open","sticky":false,"template":"","format":"standard","meta":{"footnotes":""},"categories":[2,13,12],"tags":[58,458,646,647],"_links":{"self":[{"href":"https:\/\/centralmedia.rs\/index.php\/wp-json\/wp\/v2\/posts\/2511"}],"collection":[{"href":"https:\/\/centralmedia.rs\/index.php\/wp-json\/wp\/v2\/posts"}],"about":[{"href":"https:\/\/centralmedia.rs\/index.php\/wp-json\/wp\/v2\/types\/post"}],"author":[{"embeddable":true,"href":"https:\/\/centralmedia.rs\/index.php\/wp-json\/wp\/v2\/users\/4"}],"replies":[{"embeddable":true,"href":"https:\/\/centralmedia.rs\/index.php\/wp-json\/wp\/v2\/comments?post=2511"}],"version-history":[{"count":0,"href":"https:\/\/centralmedia.rs\/index.php\/wp-json\/wp\/v2\/posts\/2511\/revisions"}],"wp:featuredmedia":[{"embeddable":true,"href":"https:\/\/centralmedia.rs\/index.php\/wp-json\/wp\/v2\/media\/2512"}],"wp:attachment":[{"href":"https:\/\/centralmedia.rs\/index.php\/wp-json\/wp\/v2\/media?parent=2511"}],"wp:term":[{"taxonomy":"category","embeddable":true,"href":"https:\/\/centralmedia.rs\/index.php\/wp-json\/wp\/v2\/categories?post=2511"},{"taxonomy":"post_tag","embeddable":true,"href":"https:\/\/centralmedia.rs\/index.php\/wp-json\/wp\/v2\/tags?post=2511"}],"curies":[{"name":"wp","href":"https:\/\/api.w.org\/{rel}","templated":true}]}}