{"id":25138,"date":"2020-09-17T08:57:45","date_gmt":"2020-09-17T08:57:45","guid":{"rendered":"http:\/\/centralmedia.rs\/?p=25138"},"modified":"2020-09-27T16:43:42","modified_gmt":"2020-09-27T16:43:42","slug":"veterani-devedesetih-inicirali-uredenje-spomenika-ratnicima","status":"publish","type":"post","link":"https:\/\/centralmedia.rs\/index.php\/2020\/09\/17\/veterani-devedesetih-inicirali-uredenje-spomenika-ratnicima\/","title":{"rendered":"VETERANI DEVEDESETIH INICIRALI URE\u0110ENJE SPOMENIKA RATNICIMA"},"content":{"rendered":"<p>JAGODINA- \u010clanovi Udru\u017eenja veterana 1991.-1999. iz Jagodini inicirali su re\u0161avanje problema devastiranih spomenika palim boricma iz svih ratova o kojima sada niko nema obavezu da brine i ure\u0111uje. Oni su posetili spomenik palim borcima u Bukov\u010du koji je u \u017ealosnom stanju.<\/p>\n<div id='gallery-1' class='gallery galleryid-25138 gallery-columns-5 gallery-size-thumbnail'><figure class='gallery-item'>\n\t\t\t<div class='gallery-icon portrait'>\n\t\t\t\t<a href='https:\/\/centralmedia.rs\/index.php\/2020\/09\/17\/veterani-devedesetih-inicirali-uredenje-spomenika-ratnicima\/veterani\/'><img loading=\"lazy\" decoding=\"async\" width=\"150\" height=\"150\" src=\"https:\/\/centralmedia.rs\/wp-content\/uploads\/2020\/09\/veterani-150x150.jpg\" class=\"attachment-thumbnail size-thumbnail\" alt=\"\" \/><\/a>\n\t\t\t<\/div><\/figure><figure class='gallery-item'>\n\t\t\t<div class='gallery-icon landscape'>\n\t\t\t\t<a href='https:\/\/centralmedia.rs\/index.php\/2020\/09\/17\/veterani-devedesetih-inicirali-uredenje-spomenika-ratnicima\/veterani1\/'><img loading=\"lazy\" decoding=\"async\" width=\"150\" height=\"150\" src=\"https:\/\/centralmedia.rs\/wp-content\/uploads\/2020\/09\/veterani1-150x150.jpg\" class=\"attachment-thumbnail size-thumbnail\" alt=\"\" \/><\/a>\n\t\t\t<\/div><\/figure><figure class='gallery-item'>\n\t\t\t<div class='gallery-icon portrait'>\n\t\t\t\t<a href='https:\/\/centralmedia.rs\/index.php\/2020\/09\/17\/veterani-devedesetih-inicirali-uredenje-spomenika-ratnicima\/veterani2\/'><img loading=\"lazy\" decoding=\"async\" width=\"150\" height=\"150\" src=\"https:\/\/centralmedia.rs\/wp-content\/uploads\/2020\/09\/veterani2-150x150.jpg\" class=\"attachment-thumbnail size-thumbnail\" alt=\"\" \/><\/a>\n\t\t\t<\/div><\/figure><figure class='gallery-item'>\n\t\t\t<div class='gallery-icon portrait'>\n\t\t\t\t<a href='https:\/\/centralmedia.rs\/index.php\/2020\/09\/17\/veterani-devedesetih-inicirali-uredenje-spomenika-ratnicima\/veterani3\/'><img loading=\"lazy\" decoding=\"async\" width=\"150\" height=\"150\" src=\"https:\/\/centralmedia.rs\/wp-content\/uploads\/2020\/09\/veterani3-150x150.jpg\" class=\"attachment-thumbnail size-thumbnail\" alt=\"\" \/><\/a>\n\t\t\t<\/div><\/figure><figure class='gallery-item'>\n\t\t\t<div class='gallery-icon landscape'>\n\t\t\t\t<a href='https:\/\/centralmedia.rs\/index.php\/2020\/09\/17\/veterani-devedesetih-inicirali-uredenje-spomenika-ratnicima\/veterani4\/'><img loading=\"lazy\" decoding=\"async\" width=\"150\" height=\"150\" src=\"https:\/\/centralmedia.rs\/wp-content\/uploads\/2020\/09\/veterani4-150x150.jpg\" class=\"attachment-thumbnail size-thumbnail\" alt=\"\" \/><\/a>\n\t\t\t<\/div><\/figure>\n\t\t<\/div>\n\n<p>&#8211; Ovo je zajedni\u010dki spomenik borcima iz NOB u drugom svetskom ratu i prvom poginulom vojniku JNA iz Jagodine Zvezdanu Anti\u0107u u ratovima devedesetih. Na\u0161a ideja je da ka\u017eemo da je odnos zajednice prema spomenicima poginulim ratnicima lo\u0161 i neadekvatan. Spomenike niko ne odr\u017eava, devastirani su u potpunosti. Zato pokre\u0107emo inicijativu da se spomenici u Jagodini, ali i konkretno u Bukovcu urede. Trebalo bi da se kroz gradske odluke ustanove obave\u017eu da odr\u017eavaju spomenike, rekao je predsednik udru\u017eenja Dragan Milanovi\u0107<\/p>\n<p>\u010clanovi udru\u017eenja veterana su obele\u017eili 15. septembar proboj Solunskog fronta, koji \u0107e ubudu\u0107e obele\u017eavati Srbija i Republika Srpska kao Dan nacionalnog ponosa.<\/p>\n","protected":false},"excerpt":{"rendered":"<p>JAGODINA- \u010clanovi Udru\u017eenja veterana 1991.-1999. iz Jagodini inicirali su re\u0161avanje problema devastiranih spomenika palim boricma iz svih ratova o kojima sada niko nema obavezu da &hellip; <\/p>\n","protected":false},"author":2,"featured_media":25139,"comment_status":"open","ping_status":"open","sticky":false,"template":"","format":"standard","meta":{"footnotes":""},"categories":[14,1524,2,1514,12],"tags":[58,4856,4855],"_links":{"self":[{"href":"https:\/\/centralmedia.rs\/index.php\/wp-json\/wp\/v2\/posts\/25138"}],"collection":[{"href":"https:\/\/centralmedia.rs\/index.php\/wp-json\/wp\/v2\/posts"}],"about":[{"href":"https:\/\/centralmedia.rs\/index.php\/wp-json\/wp\/v2\/types\/post"}],"author":[{"embeddable":true,"href":"https:\/\/centralmedia.rs\/index.php\/wp-json\/wp\/v2\/users\/2"}],"replies":[{"embeddable":true,"href":"https:\/\/centralmedia.rs\/index.php\/wp-json\/wp\/v2\/comments?post=25138"}],"version-history":[{"count":1,"href":"https:\/\/centralmedia.rs\/index.php\/wp-json\/wp\/v2\/posts\/25138\/revisions"}],"predecessor-version":[{"id":25144,"href":"https:\/\/centralmedia.rs\/index.php\/wp-json\/wp\/v2\/posts\/25138\/revisions\/25144"}],"wp:featuredmedia":[{"embeddable":true,"href":"https:\/\/centralmedia.rs\/index.php\/wp-json\/wp\/v2\/media\/25139"}],"wp:attachment":[{"href":"https:\/\/centralmedia.rs\/index.php\/wp-json\/wp\/v2\/media?parent=25138"}],"wp:term":[{"taxonomy":"category","embeddable":true,"href":"https:\/\/centralmedia.rs\/index.php\/wp-json\/wp\/v2\/categories?post=25138"},{"taxonomy":"post_tag","embeddable":true,"href":"https:\/\/centralmedia.rs\/index.php\/wp-json\/wp\/v2\/tags?post=25138"}],"curies":[{"name":"wp","href":"https:\/\/api.w.org\/{rel}","templated":true}]}}