{"id":25148,"date":"2020-09-21T12:58:57","date_gmt":"2020-09-21T12:58:57","guid":{"rendered":"http:\/\/centralmedia.rs\/?p=25148"},"modified":"2020-09-27T16:43:57","modified_gmt":"2020-09-27T16:43:57","slug":"paracinski-odbojkasi-u-osmini-finala-kupa-srbije","status":"publish","type":"post","link":"https:\/\/centralmedia.rs\/index.php\/2020\/09\/21\/paracinski-odbojkasi-u-osmini-finala-kupa-srbije\/","title":{"rendered":"PARA\u0106INSKI ODBOJKA\u0160I U OSMINI FINALA KUPA SRBIJE"},"content":{"rendered":"<p>PARA\u0106IN- U finalu regionalnog kupa odbojka\u0161i para\u0107inskog ,,Borca&#8221; pobedili su ekipu &#8220;Topli\u010danin&#8221; u Prokuplju rezultatom 3:2 i na taj na\u010din se plasirali u osminu finala kupa Srbije gde \u0107e u oktobru odmeriti snage sa nekom od superliga\u0161kih ekipa. Ovo je tre\u0107a godina uzastopno da Para\u0107inci osvajaju ovaj trofej i plasiraju se u 16 najboljih ekipa Kupa Srbije.<\/p>\n","protected":false},"excerpt":{"rendered":"<p>PARA\u0106IN- U finalu regionalnog kupa odbojka\u0161i para\u0107inskog ,,Borca&#8221; pobedili su ekipu &#8220;Topli\u010danin&#8221; u Prokuplju rezultatom 3:2 i na taj na\u010din se plasirali u osminu finala &hellip; <\/p>\n","protected":false},"author":2,"featured_media":25149,"comment_status":"open","ping_status":"open","sticky":false,"template":"","format":"standard","meta":{"footnotes":""},"categories":[1524,2,1516,887,21,12],"tags":[1890,4604,156],"_links":{"self":[{"href":"https:\/\/centralmedia.rs\/index.php\/wp-json\/wp\/v2\/posts\/25148"}],"collection":[{"href":"https:\/\/centralmedia.rs\/index.php\/wp-json\/wp\/v2\/posts"}],"about":[{"href":"https:\/\/centralmedia.rs\/index.php\/wp-json\/wp\/v2\/types\/post"}],"author":[{"embeddable":true,"href":"https:\/\/centralmedia.rs\/index.php\/wp-json\/wp\/v2\/users\/2"}],"replies":[{"embeddable":true,"href":"https:\/\/centralmedia.rs\/index.php\/wp-json\/wp\/v2\/comments?post=25148"}],"version-history":[{"count":1,"href":"https:\/\/centralmedia.rs\/index.php\/wp-json\/wp\/v2\/posts\/25148\/revisions"}],"predecessor-version":[{"id":25150,"href":"https:\/\/centralmedia.rs\/index.php\/wp-json\/wp\/v2\/posts\/25148\/revisions\/25150"}],"wp:featuredmedia":[{"embeddable":true,"href":"https:\/\/centralmedia.rs\/index.php\/wp-json\/wp\/v2\/media\/25149"}],"wp:attachment":[{"href":"https:\/\/centralmedia.rs\/index.php\/wp-json\/wp\/v2\/media?parent=25148"}],"wp:term":[{"taxonomy":"category","embeddable":true,"href":"https:\/\/centralmedia.rs\/index.php\/wp-json\/wp\/v2\/categories?post=25148"},{"taxonomy":"post_tag","embeddable":true,"href":"https:\/\/centralmedia.rs\/index.php\/wp-json\/wp\/v2\/tags?post=25148"}],"curies":[{"name":"wp","href":"https:\/\/api.w.org\/{rel}","templated":true}]}}