{"id":2515,"date":"2016-03-25T21:23:30","date_gmt":"2016-03-25T21:23:30","guid":{"rendered":"http:\/\/centralmedia.rs\/?p=2515"},"modified":"2017-01-28T12:38:07","modified_gmt":"2017-01-28T12:38:07","slug":"u-svilajnackom-kulturnom-centru-grafike-salvadora-dalija","status":"publish","type":"post","link":"https:\/\/centralmedia.rs\/index.php\/2016\/03\/25\/u-svilajnackom-kulturnom-centru-grafike-salvadora-dalija\/","title":{"rendered":"U SVILAJNA\u010cKOM KULTURNOM CENTRU &#8211; GRAFIKE SALVADORA DALIJA"},"content":{"rendered":"<p>SVILAJNAC-,,Dali izme\u0111u zvezda i basni\u201c naziv je izlo\u017ebe grafika grafika Salvadora Dalija koja je ve\u010deras otvorena u Svilajncu. Re\u010d je o 34 grafike i bronzanoj skulpturi ,,\u017dena \u017eirafa\u201c.<br \/>\n-Svilajnac je posle ove izlo\u017ebe zauzeo poziciju regionalnog lidera u kulturi i smatram da smo da dobrom putu, koji \u0107emo nastaviti. Grad, koji kao Svilajnac ima ovakve kulturne doga\u0111aje, ima sigurnu budu\u0107nost. Na nama je da sa\u010duvamo budu\u0107nost, rekao je predsednik te op\u0161tine Predrag Milanovi\u0107.<br \/>\nGrafike su vlasni\u0161tvo galerije Viskonti fine art iz Ljubljane, a izlo\u017eba \u0107e biti otvorena do 5 aprila.<a href=\"https:\/\/centralmedia.rs\/wp-content\/uploads\/2016\/03\/dali-1-svilajnac-g.j..jpg\" rel=\"attachment wp-att-2517\"><img loading=\"lazy\" decoding=\"async\" class=\"alignnone size-medium wp-image-2517\" src=\"https:\/\/centralmedia.rs\/wp-content\/uploads\/2016\/03\/dali-1-svilajnac-g.j.-300x213.jpg\" alt=\"dali 1-svilajnac-g.j.\" width=\"300\" height=\"213\" srcset=\"https:\/\/centralmedia.rs\/wp-content\/uploads\/2016\/03\/dali-1-svilajnac-g.j.-300x213.jpg 300w, https:\/\/centralmedia.rs\/wp-content\/uploads\/2016\/03\/dali-1-svilajnac-g.j.-768x545.jpg 768w, https:\/\/centralmedia.rs\/wp-content\/uploads\/2016\/03\/dali-1-svilajnac-g.j.-100x70.jpg 100w, https:\/\/centralmedia.rs\/wp-content\/uploads\/2016\/03\/dali-1-svilajnac-g.j..jpg 900w\" sizes=\"(max-width: 300px) 100vw, 300px\" \/><\/a><br \/>\n-Svilajnac svojom kulturnom politkom postaje veoma prepoznatljiv u Srbiji. Nadam se da \u0107emo u narednim mesecima otvarati jo\u0161 zanimljivih izlo\u017ebi, rekao je producent izlo\u017ebe Mihajlo Nestorovi\u0107<br \/>\nMiroslav Marinkovi\u0107 otvorio je izlo\u017ebu grafika Salvadora Dalija i istakao da je Svilajnac postao kulturno steci\u0161te. U Svilajncu je odr\u017eana premijera predstave Julije Cezar u re\u017eiji Kokana Mladenovi\u0107a, zatim veliki broj koncerata i drugih kulturnih doga\u0111aja.<\/p>\n","protected":false},"excerpt":{"rendered":"<p>SVILAJNAC-,,Dali izme\u0111u zvezda i basni\u201c naziv je izlo\u017ebe grafika grafika Salvadora Dalija koja je ve\u010deras otvorena u Svilajncu. Re\u010d je o 34 grafike i bronzanoj &hellip; <\/p>\n","protected":false},"author":4,"featured_media":2516,"comment_status":"open","ping_status":"open","sticky":false,"template":"","format":"standard","meta":{"footnotes":""},"categories":[1524,2,15,887,12,1517],"tags":[649,648,38],"_links":{"self":[{"href":"https:\/\/centralmedia.rs\/index.php\/wp-json\/wp\/v2\/posts\/2515"}],"collection":[{"href":"https:\/\/centralmedia.rs\/index.php\/wp-json\/wp\/v2\/posts"}],"about":[{"href":"https:\/\/centralmedia.rs\/index.php\/wp-json\/wp\/v2\/types\/post"}],"author":[{"embeddable":true,"href":"https:\/\/centralmedia.rs\/index.php\/wp-json\/wp\/v2\/users\/4"}],"replies":[{"embeddable":true,"href":"https:\/\/centralmedia.rs\/index.php\/wp-json\/wp\/v2\/comments?post=2515"}],"version-history":[{"count":0,"href":"https:\/\/centralmedia.rs\/index.php\/wp-json\/wp\/v2\/posts\/2515\/revisions"}],"wp:featuredmedia":[{"embeddable":true,"href":"https:\/\/centralmedia.rs\/index.php\/wp-json\/wp\/v2\/media\/2516"}],"wp:attachment":[{"href":"https:\/\/centralmedia.rs\/index.php\/wp-json\/wp\/v2\/media?parent=2515"}],"wp:term":[{"taxonomy":"category","embeddable":true,"href":"https:\/\/centralmedia.rs\/index.php\/wp-json\/wp\/v2\/categories?post=2515"},{"taxonomy":"post_tag","embeddable":true,"href":"https:\/\/centralmedia.rs\/index.php\/wp-json\/wp\/v2\/tags?post=2515"}],"curies":[{"name":"wp","href":"https:\/\/api.w.org\/{rel}","templated":true}]}}